{"id":15402,"date":"2016-08-25T20:56:12","date_gmt":"2016-08-26T01:56:12","guid":{"rendered":"http:\/\/www.revistazetta.com\/?p=15402"},"modified":"2016-08-25T20:56:12","modified_gmt":"2016-08-26T01:56:12","slug":"implementacion-del-plan-escolar-gestion-del-riesgo-3-colegios-bolivar","status":"publish","type":"post","link":"https:\/\/revistazetta.com\/?p=15402","title":{"rendered":"Implementaci\u00f3n del Plan Escolar de Gesti\u00f3n del Riesgo en 3 colegios de Bol\u00edvar"},"content":{"rendered":"<p>El gobierno del \u201cBol\u00edvar S\u00ed Avanza\u201d, a trav\u00e9s de la Secretar\u00eda de Educaci\u00f3n, inici\u00f3 el proceso de acompa\u00f1amiento para la implementaci\u00f3n del\u00a0 Plan Escolar de Gesti\u00f3n del riesgo (PEGR), en las instituciones educativas de El Yucal y Francisco de Paula Santander, ubicadas en el municipio de Calamar y \u00a0de Regencia en Montecristo,\u00a0 en el marco del convenio 881 celebrado entre el Ministerio\u00a0 de Educaci\u00f3n Nacional, Fundaci\u00f3n Plan Internacional y UNICEF.<\/p>\n<p>La idea es que las escuelas identifiquen sus vulnerabilidades y escenarios de riesgo, con el fin de mitigarlos y construir \u201c<strong>Escuelas + Protegidas\u201d<\/strong>.<\/p>\n<p>Desde el 2015 se adelant\u00f3 la elaboraci\u00f3n de los planes de acci\u00f3n en 13 instituciones educativas focalizadas en el departamento de Bol\u00edvar por el Ministerio de Educaci\u00f3n Nacional, para garantizar el derecho a la educaci\u00f3n de los ni\u00f1os, ni\u00f1as y j\u00f3venes, con ocasi\u00f3n de emergencias derivadas de los fen\u00f3menos socionaturales, naturales, tecnol\u00f3gicos, del conflicto armado y de la violencia generalizada escenarios de doble afectaci\u00f3n o multiamenaza en donde la educaci\u00f3n se convierte en una herramienta fundamental para disminuir la vulnerabilidad y propender por territorios seguros.<\/p>\n<p>\u201cLos ni\u00f1os, ni\u00f1as y j\u00f3venes de las escuelas deben estar preparados con el entorno, identificar sus capacidades y reconocer sus saberes y la de los dem\u00e1s, como elementos claves a la hora de implementar una buena gesti\u00f3n escolar del riesgo, al interior de los ambientes de aula\u201d, indic\u00f3, Manuel Antonio Azuero Angulo, secretario de Educaci\u00f3n de Bol\u00edvar.<\/p>\n<p>El funcionario indic\u00f3, que desde la unidad de Calidad Educativa se ha dispuesto de todo un equipo para que acompa\u00f1e, convoque y lidere con rectores de los establecimientos educativos focalizados la iniciativa, de tal manera que se facilite la implementaci\u00f3n y se operativice el Plan Escolar de Gesti\u00f3n del riesgo PEGR, \u201cen cada escuela\u00a0 se dejar\u00e1 capacidad instalada, se cualificar\u00e1 a la comunidad educativa y se instalar\u00e1n kits de primeros auxilios\u201d, indic\u00f3 Azuero Angulo.<\/p>\n","protected":false},"excerpt":{"rendered":"<p>El gobierno del \u201cBol\u00edvar S\u00ed Avanza\u201d, a trav\u00e9s de la Secretar\u00eda de Educaci\u00f3n, inici\u00f3 el proceso de acompa\u00f1amiento para la implementaci\u00f3n del\u00a0 Plan Escolar de Gesti\u00f3n del riesgo (PEGR), en las instituciones educativas de El Yucal y Francisco de Paula Santander, ubicadas en el municipio de Calamar y \u00a0de Regencia en Montecristo,\u00a0 en el marco del convenio 881 celebrado entre el Ministerio\u00a0 de Educaci\u00f3n Nacional, Fundaci\u00f3n Plan Internacional y UNICEF. La idea es que las escuelas identifiquen sus vulnerabilidades y escenarios de riesgo, con el fin de mitigarlos y construir&#8230; <\/p>\n","protected":false},"author":3,"featured_media":0,"comment_status":"open","ping_status":"closed","sticky":false,"template":"","format":"standard","meta":{"footnotes":"","_links_to":"","_links_to_target":""},"categories":[33],"tags":[],"class_list":["post-15402","post","type-post","status-publish","format-standard","hentry","category-actualidad-bolivar"],"_links":{"self":[{"href":"https:\/\/revistazetta.com\/index.php?rest_route=\/wp\/v2\/posts\/15402","targetHints":{"allow":["GET"]}}],"collection":[{"href":"https:\/\/revistazetta.com\/index.php?rest_route=\/wp\/v2\/posts"}],"about":[{"href":"https:\/\/revistazetta.com\/index.php?rest_route=\/wp\/v2\/types\/post"}],"author":[{"embeddable":true,"href":"https:\/\/revistazetta.com\/index.php?rest_route=\/wp\/v2\/users\/3"}],"replies":[{"embeddable":true,"href":"https:\/\/revistazetta.com\/index.php?rest_route=%2Fwp%2Fv2%2Fcomments&post=15402"}],"version-history":[{"count":0,"href":"https:\/\/revistazetta.com\/index.php?rest_route=\/wp\/v2\/posts\/15402\/revisions"}],"wp:attachment":[{"href":"https:\/\/revistazetta.com\/index.php?rest_route=%2Fwp%2Fv2%2Fmedia&parent=15402"}],"wp:term":[{"taxonomy":"category","embeddable":true,"href":"https:\/\/revistazetta.com\/index.php?rest_route=%2Fwp%2Fv2%2Fcategories&post=15402"},{"taxonomy":"post_tag","embeddable":true,"href":"https:\/\/revistazetta.com\/index.php?rest_route=%2Fwp%2Fv2%2Ftags&post=15402"}],"curies":[{"name":"wp","href":"https:\/\/api.w.org\/{rel}","templated":true}]}}