{"id":15465,"date":"2016-08-29T05:59:26","date_gmt":"2016-08-29T10:59:26","guid":{"rendered":"http:\/\/www.revistazetta.com\/?p=15465"},"modified":"2016-08-29T05:59:26","modified_gmt":"2016-08-29T10:59:26","slug":"caravana-buenas-acciones-llega-la-localidad-historica-del-caribe-norte","status":"publish","type":"post","link":"https:\/\/revistazetta.com\/?p=15465","title":{"rendered":"Caravana de \u00abbuenas acciones\u00bb llega a la Localidad Hist\u00f3rica y del Caribe Norte"},"content":{"rendered":"<p>Bajo el pensamiento de Shari Arison, creadora del Movimiento Global de las Buenas Acciones: \u201ccreo que si la gente piensa en buenas acciones, habla sobre buenas acciones y hace buenas acciones, los c\u00edrculos de bondad crecer\u00e1n en el mundo\u201d, la Alcald\u00eda de Cartagena, a trav\u00e9s de la Escuela de Gobierno y Liderazgo, realiz\u00f3 la edici\u00f3n n\u00famero tres del proyecto \u201cDe Coraz\u00f3n Con Cartagena\u201d, esta vez en la Localidad Hist\u00f3rica y del Caribe Norte.<\/p>\n<p>La caravana de las \u2018buenas acciones\u2019 inici\u00f3 con presencia del alcalde Manolo Duque, la primera dama del Distrito, Viviana S\u00e1nchez de Duque, el alcalde de la Localidad Hist\u00f3rica y del Caribe Norte, Javier Enrique Jaramillo y la directora de la Escuela de Gobierno y Liderazgo, Yolanda Wong Baldiris, a las 6:00 de la ma\u00f1ana, en el parque del barrio San Francisco. All\u00ed se comparti\u00f3 una jornada de zumba terapia con los habitantes de esta zona.<\/p>\n<p><img loading=\"lazy\" decoding=\"async\" class=\"alignleft size-medium wp-image-15469\" src=\"https:\/\/www.revistazetta.com\/wp-content\/uploads\/2016\/08\/DCPC2-1-300x187.jpg\" alt=\"DCPC2\" width=\"300\" height=\"187\" srcset=\"https:\/\/revistazetta.com\/wp-content\/uploads\/2016\/08\/DCPC2-1-300x187.jpg 300w, https:\/\/revistazetta.com\/wp-content\/uploads\/2016\/08\/DCPC2-1-234x146.jpg 234w, https:\/\/revistazetta.com\/wp-content\/uploads\/2016\/08\/DCPC2-1-50x31.jpg 50w, https:\/\/revistazetta.com\/wp-content\/uploads\/2016\/08\/DCPC2-1-120x75.jpg 120w, https:\/\/revistazetta.com\/wp-content\/uploads\/2016\/08\/DCPC2-1.jpg 570w\" sizes=\"auto, (max-width: 300px) 100vw, 300px\" \/> <img loading=\"lazy\" decoding=\"async\" class=\"alignleft size-medium wp-image-15468\" src=\"https:\/\/www.revistazetta.com\/wp-content\/uploads\/2016\/08\/DCPC-1-300x187.jpg\" alt=\"DCPC\" width=\"300\" height=\"187\" srcset=\"https:\/\/revistazetta.com\/wp-content\/uploads\/2016\/08\/DCPC-1-300x187.jpg 300w, https:\/\/revistazetta.com\/wp-content\/uploads\/2016\/08\/DCPC-1-234x146.jpg 234w, https:\/\/revistazetta.com\/wp-content\/uploads\/2016\/08\/DCPC-1-50x31.jpg 50w, https:\/\/revistazetta.com\/wp-content\/uploads\/2016\/08\/DCPC-1-120x75.jpg 120w, https:\/\/revistazetta.com\/wp-content\/uploads\/2016\/08\/DCPC-1.jpg 570w\" sizes=\"auto, (max-width: 300px) 100vw, 300px\" \/> <img loading=\"lazy\" decoding=\"async\" class=\"alignleft size-medium wp-image-15470\" src=\"https:\/\/www.revistazetta.com\/wp-content\/uploads\/2016\/08\/DCPC3-300x187.jpg\" alt=\"DCPC3\" width=\"300\" height=\"187\" srcset=\"https:\/\/revistazetta.com\/wp-content\/uploads\/2016\/08\/DCPC3-300x187.jpg 300w, https:\/\/revistazetta.com\/wp-content\/uploads\/2016\/08\/DCPC3-234x146.jpg 234w, https:\/\/revistazetta.com\/wp-content\/uploads\/2016\/08\/DCPC3-50x31.jpg 50w, https:\/\/revistazetta.com\/wp-content\/uploads\/2016\/08\/DCPC3-120x75.jpg 120w, https:\/\/revistazetta.com\/wp-content\/uploads\/2016\/08\/DCPC3.jpg 570w\" sizes=\"auto, (max-width: 300px) 100vw, 300px\" \/><\/p>\n<p>Posteriormente se comparti\u00f3 un desayuno con 100 ni\u00f1os en la cancha deportiva de la urbanizaci\u00f3n Los Comuneros, sector Santa Rita.<\/p>\n<p>En el barrio Kennedy en inmediaciones del cerro de La Popa, se puso en marcha una moto bomba, que impulsar\u00e1 el agua potable a sus hogares.<\/p>\n<p>La Alcald\u00eda de la Localidad Hist\u00f3rica y del Caribe Norte, brind\u00f3 apoyo con la restauraci\u00f3n de la fachada del colegio Ana Mar\u00eda V\u00e9lez Trujillo y la cancha deportiva del barrio Para\u00edso II.<\/p>\n<p>Para seguir la recuperaci\u00f3n ambiental del ca\u00f1o Juan Angola y la Bah\u00eda de Cartagena, los presidentes de las Juntas de Acci\u00f3n Comunal, de los barrios Canapote, 7 de agosto, Santa Mar\u00eda, Daniel Lemaitre y Asomanga, promovieron una jornada de limpieza y arborizaci\u00f3n.<\/p>\n<p>El gobierno de Primero la Gente una vez m\u00e1s hizo presencia en el mercado de Bazurto, con el prop\u00f3sito de brindar la oferta institucional a los habitantes de la calle.<\/p>\n<p>La donaci\u00f3n de uniformes deportivos, la recuperaci\u00f3n de canchas deportivas e integraci\u00f3n cultural, fueron algunas de las acciones organizada por los vecinos de Bruselas, Calamares y La Campi\u00f1a.<\/p>\n<p>Durante la prolongada jornada se cont\u00f3 con la participaci\u00f3n del gabinete distrital y los ediles de la Localidad Uno, Juan Carlos Z\u00e1rate, Carlos Tu\u00f1\u00f3n y Luis Gonz\u00e1lez<\/p>\n<p>La clausura se llev\u00f3 a cabo en inmediaciones del monumento La Tenaza, con el festival de la cometa y la presentaci\u00f3n de la orquesta Blind Son, integrada por j\u00f3venes y adultos en condici\u00f3n de discapacidad visual.<\/p>\n<p>La ejecuci\u00f3n de esta iniciativa es el primer paso para incluir a Cartagena, como parte del movimiento global de las buenas acciones, que se realizar\u00e1 el 2 de abril de 2017, y as\u00ed ubicar a la ciudad como exponente ante el mundo del sentido de pertenencia que existe en sus habitantes.<\/p>\n","protected":false},"excerpt":{"rendered":"<p>Bajo el pensamiento de Shari Arison, creadora del Movimiento Global de las Buenas Acciones: \u201ccreo que si la gente piensa en buenas acciones, habla sobre buenas acciones y hace buenas acciones, los c\u00edrculos de bondad crecer\u00e1n en el mundo\u201d, la Alcald\u00eda de Cartagena, a trav\u00e9s de la Escuela de Gobierno y Liderazgo, realiz\u00f3 la edici\u00f3n n\u00famero tres del proyecto \u201cDe Coraz\u00f3n Con Cartagena\u201d, esta vez en la Localidad Hist\u00f3rica y del Caribe Norte. La caravana de las \u2018buenas acciones\u2019 inici\u00f3 con presencia del alcalde Manolo Duque, la primera dama del&#8230; <\/p>\n","protected":false},"author":3,"featured_media":15467,"comment_status":"open","ping_status":"closed","sticky":false,"template":"","format":"standard","meta":{"footnotes":"","_links_to":"","_links_to_target":""},"categories":[75,86,32],"tags":[],"class_list":["post-15465","post","type-post","status-publish","format-standard","has-post-thumbnail","hentry","category-destacada","category-comunidad","category-actualidad-distrito"],"_links":{"self":[{"href":"https:\/\/revistazetta.com\/index.php?rest_route=\/wp\/v2\/posts\/15465","targetHints":{"allow":["GET"]}}],"collection":[{"href":"https:\/\/revistazetta.com\/index.php?rest_route=\/wp\/v2\/posts"}],"about":[{"href":"https:\/\/revistazetta.com\/index.php?rest_route=\/wp\/v2\/types\/post"}],"author":[{"embeddable":true,"href":"https:\/\/revistazetta.com\/index.php?rest_route=\/wp\/v2\/users\/3"}],"replies":[{"embeddable":true,"href":"https:\/\/revistazetta.com\/index.php?rest_route=%2Fwp%2Fv2%2Fcomments&post=15465"}],"version-history":[{"count":0,"href":"https:\/\/revistazetta.com\/index.php?rest_route=\/wp\/v2\/posts\/15465\/revisions"}],"wp:featuredmedia":[{"embeddable":true,"href":"https:\/\/revistazetta.com\/index.php?rest_route=\/wp\/v2\/media\/15467"}],"wp:attachment":[{"href":"https:\/\/revistazetta.com\/index.php?rest_route=%2Fwp%2Fv2%2Fmedia&parent=15465"}],"wp:term":[{"taxonomy":"category","embeddable":true,"href":"https:\/\/revistazetta.com\/index.php?rest_route=%2Fwp%2Fv2%2Fcategories&post=15465"},{"taxonomy":"post_tag","embeddable":true,"href":"https:\/\/revistazetta.com\/index.php?rest_route=%2Fwp%2Fv2%2Ftags&post=15465"}],"curies":[{"name":"wp","href":"https:\/\/api.w.org\/{rel}","templated":true}]}}