{"id":15483,"date":"2016-08-29T11:33:50","date_gmt":"2016-08-29T16:33:50","guid":{"rendered":"http:\/\/www.revistazetta.com\/?p=15483"},"modified":"2016-08-29T11:33:50","modified_gmt":"2016-08-29T16:33:50","slug":"mea-culpa-indupollo-reconciliacion-comunidad","status":"publish","type":"post","link":"https:\/\/revistazetta.com\/?p=15483","title":{"rendered":"\u201cMea culpa\u201d de Indupollo y reconciliaci\u00f3n con comunidad"},"content":{"rendered":"<p>Indupollo abri\u00f3 una nueva era en su relaci\u00f3n con la comunidad, especialmente de El Campestre y 20 de Julio, basada en educaci\u00f3n ambiental, cultura y deporte. \u201cHoy queremos decirle a la comunidad: disculpen por lo que hemos tenido en el pasado\u201d, dijo este domingo Luis Felipe Ossa Osorio, gerente de Indupollo, en el acto de entrega de los trabajos de refacci\u00f3n de la cancha del f\u00fatbol de El Campestre en medio de un festival de integraci\u00f3n familiar.<\/p>\n<p>El alcalde de Cartagena, Manuel Vicente Duque, resalt\u00f3 esta nueva etapa de la relaci\u00f3n entre empresa-comunidad, y al cortar la cinta dijo que la responsabilidad social es un valor que debe generalizarse entre el empresariado cartagenero.<\/p>\n<p><img loading=\"lazy\" decoding=\"async\" class=\"alignleft size-medium wp-image-15487\" src=\"https:\/\/www.revistazetta.com\/wp-content\/uploads\/2016\/08\/INDUPOLLO3-300x187.jpg\" alt=\"INDUPOLLO3\" width=\"300\" height=\"187\" srcset=\"https:\/\/revistazetta.com\/wp-content\/uploads\/2016\/08\/INDUPOLLO3-300x187.jpg 300w, https:\/\/revistazetta.com\/wp-content\/uploads\/2016\/08\/INDUPOLLO3-234x146.jpg 234w, https:\/\/revistazetta.com\/wp-content\/uploads\/2016\/08\/INDUPOLLO3-50x31.jpg 50w, https:\/\/revistazetta.com\/wp-content\/uploads\/2016\/08\/INDUPOLLO3-120x75.jpg 120w, https:\/\/revistazetta.com\/wp-content\/uploads\/2016\/08\/INDUPOLLO3.jpg 570w\" sizes=\"auto, (max-width: 300px) 100vw, 300px\" \/> <img loading=\"lazy\" decoding=\"async\" class=\"alignleft size-medium wp-image-15484\" src=\"https:\/\/www.revistazetta.com\/wp-content\/uploads\/2016\/08\/Campestre-Indupollo-1-300x188.jpg\" alt=\"Campestre-Indupollo 1\" width=\"300\" height=\"188\" srcset=\"https:\/\/revistazetta.com\/wp-content\/uploads\/2016\/08\/Campestre-Indupollo-1-300x188.jpg 300w, https:\/\/revistazetta.com\/wp-content\/uploads\/2016\/08\/Campestre-Indupollo-1-1024x640.jpg 1024w, https:\/\/revistazetta.com\/wp-content\/uploads\/2016\/08\/Campestre-Indupollo-1-234x146.jpg 234w, https:\/\/revistazetta.com\/wp-content\/uploads\/2016\/08\/Campestre-Indupollo-1-50x31.jpg 50w, https:\/\/revistazetta.com\/wp-content\/uploads\/2016\/08\/Campestre-Indupollo-1-120x75.jpg 120w, https:\/\/revistazetta.com\/wp-content\/uploads\/2016\/08\/Campestre-Indupollo-1.jpg 1760w\" sizes=\"auto, (max-width: 300px) 100vw, 300px\" \/><\/p>\n<p>Uno de los principales problemas que en el pasado afront\u00f3 Indupollo fue la emanaci\u00f3n de desagradables olores, lo que le vali\u00f3 la reprobaci\u00f3n de la comunidad e incluso, sanciones de autoridades ambientales, pero todo se solucion\u00f3 con el desmonte de la unidad que procesaba plumas y v\u00edsceras, generadoras del mal olor. Adem\u00e1s, la planta ha sido sometida a una renovaci\u00f3n tecnol\u00f3gica que hace que todos los procesos sean amigables con el ambiente.<\/p>\n<p>En el acto c\u00edvico de este domingo, junto con la recuperaci\u00f3n de la cancha de f\u00fatbol, tambi\u00e9n se exalt\u00f3 la labor de estudiantes del colegio Berta Gede\u00f3n de B\u00e1ladi, que con materiales suministrados por Indupollo pintaron un extenso mural con la ideal de la ciudad que quieren.<\/p>\n<p>Ossa Osorio dijo que este acto reconciliaci\u00f3n tambi\u00e9n es un acto de paz, \u201cy qu\u00e9 bueno que esta nueva generaci\u00f3n conozca los d\u00edas de la paz y nunca vuelvan a vivir los d\u00edas de la guerra\u201d, anot\u00f3.<\/p>\n<p>\u201cHoy Indupollo en un acto de reconciliaci\u00f3n y paz hemos organizado la cancha, acompa\u00f1ado al colegio, apoyado los murales, hemos trabajado con la junta de acci\u00f3n comunal, a la que exhorto a que cuide este espacio y lo mantenga en las mejores condiciones, es deber de todos nosotros velar por este sitio para que la familia pueda compartir de manera sana y armoniosa\u201d, dijo el empresario ante la comunidad.<\/p>\n<p>Por \u00faltimo, invit\u00f3 a hacer un compromiso entre todo y \u201ces que tengamos la manzana m\u00e1s hermosa de este sector de Cartagena\u201d, y para ello anunci\u00f3 que la empresa adoptar\u00e1 el parque adyacente a su planta.<\/p>\n<p>La gran fiesta c\u00edvica en la cancha de El Campestre tuvo como presentadora a la modelo Claudia Lozano, y tambi\u00e9n un partido amistoso entre trabajadores de Indupollo y miembros de la junta de acci\u00f3n comunal, para lo que se cont\u00f3 con el \u00e1rbitro profesional Ulises Arrieta.<\/p>\n<p>Adem\u00e1s de esta transformaci\u00f3n en sus relaciones con la comunidad, Indupollo tambi\u00e9n encara un proceso de transformaci\u00f3n institucional \u00a0\u00a0\u00a0\u00a0 que en breve comenzar\u00e1 a anunciarse en todo el pa\u00eds con la marca Avicampo.<\/p>\n","protected":false},"excerpt":{"rendered":"<p>Indupollo abri\u00f3 una nueva era en su relaci\u00f3n con la comunidad, especialmente de El Campestre y 20 de Julio, basada en educaci\u00f3n ambiental, cultura y deporte. \u201cHoy queremos decirle a la comunidad: disculpen por lo que hemos tenido en el pasado\u201d, dijo este domingo Luis Felipe Ossa Osorio, gerente de Indupollo, en el acto de entrega de los trabajos de refacci\u00f3n de la cancha del f\u00fatbol de El Campestre en medio de un festival de integraci\u00f3n familiar. El alcalde de Cartagena, Manuel Vicente Duque, resalt\u00f3 esta nueva etapa de la&#8230; <\/p>\n","protected":false},"author":3,"featured_media":15486,"comment_status":"open","ping_status":"closed","sticky":false,"template":"","format":"standard","meta":{"footnotes":"","_links_to":"","_links_to_target":""},"categories":[75,2,3,50],"tags":[],"class_list":["post-15483","post","type-post","status-publish","format-standard","has-post-thumbnail","hentry","category-destacada","category-actualidad","category-ciudad","category-empresa"],"_links":{"self":[{"href":"https:\/\/revistazetta.com\/index.php?rest_route=\/wp\/v2\/posts\/15483","targetHints":{"allow":["GET"]}}],"collection":[{"href":"https:\/\/revistazetta.com\/index.php?rest_route=\/wp\/v2\/posts"}],"about":[{"href":"https:\/\/revistazetta.com\/index.php?rest_route=\/wp\/v2\/types\/post"}],"author":[{"embeddable":true,"href":"https:\/\/revistazetta.com\/index.php?rest_route=\/wp\/v2\/users\/3"}],"replies":[{"embeddable":true,"href":"https:\/\/revistazetta.com\/index.php?rest_route=%2Fwp%2Fv2%2Fcomments&post=15483"}],"version-history":[{"count":0,"href":"https:\/\/revistazetta.com\/index.php?rest_route=\/wp\/v2\/posts\/15483\/revisions"}],"wp:featuredmedia":[{"embeddable":true,"href":"https:\/\/revistazetta.com\/index.php?rest_route=\/wp\/v2\/media\/15486"}],"wp:attachment":[{"href":"https:\/\/revistazetta.com\/index.php?rest_route=%2Fwp%2Fv2%2Fmedia&parent=15483"}],"wp:term":[{"taxonomy":"category","embeddable":true,"href":"https:\/\/revistazetta.com\/index.php?rest_route=%2Fwp%2Fv2%2Fcategories&post=15483"},{"taxonomy":"post_tag","embeddable":true,"href":"https:\/\/revistazetta.com\/index.php?rest_route=%2Fwp%2Fv2%2Ftags&post=15483"}],"curies":[{"name":"wp","href":"https:\/\/api.w.org\/{rel}","templated":true}]}}