{"id":15527,"date":"2016-08-30T19:05:35","date_gmt":"2016-08-31T00:05:35","guid":{"rendered":"http:\/\/www.revistazetta.com\/?p=15527"},"modified":"2016-08-30T19:05:35","modified_gmt":"2016-08-31T00:05:35","slug":"actividades-ludicas-fortalecer-autoestima-mujeres-victimas-violencia","status":"publish","type":"post","link":"https:\/\/revistazetta.com\/?p=15527","title":{"rendered":"Actividades l\u00fadicas para fortalecer autoestima de mujeres v\u00edctimas de violencia"},"content":{"rendered":"<p>Reconstruir la identidad propia y fortalecer el autoestima de las mujeres v\u00edctimas de violencia de pareja, es el objetivo principal del taller \u201cAbre una Puerta a tu Alegr\u00eda Interior\u201d, organizado por la Secretar\u00eda de Participaci\u00f3n y Desarrollo Social a trav\u00e9s de su Oficina de Asuntos para la Mujer.<\/p>\n<p><img loading=\"lazy\" decoding=\"async\" class=\"alignleft size-medium wp-image-15550\" src=\"https:\/\/www.revistazetta.com\/wp-content\/uploads\/2016\/08\/0VCM4-300x187.jpg\" alt=\"0VCM4\" width=\"300\" height=\"187\" srcset=\"https:\/\/revistazetta.com\/wp-content\/uploads\/2016\/08\/0VCM4-300x187.jpg 300w, https:\/\/revistazetta.com\/wp-content\/uploads\/2016\/08\/0VCM4-234x146.jpg 234w, https:\/\/revistazetta.com\/wp-content\/uploads\/2016\/08\/0VCM4-50x31.jpg 50w, https:\/\/revistazetta.com\/wp-content\/uploads\/2016\/08\/0VCM4-120x75.jpg 120w, https:\/\/revistazetta.com\/wp-content\/uploads\/2016\/08\/0VCM4.jpg 570w\" sizes=\"auto, (max-width: 300px) 100vw, 300px\" \/> <img loading=\"lazy\" decoding=\"async\" class=\"alignleft size-medium wp-image-15548\" src=\"https:\/\/www.revistazetta.com\/wp-content\/uploads\/2016\/08\/0VCM2-300x187.jpg\" alt=\"0VCM2\" width=\"300\" height=\"187\" srcset=\"https:\/\/revistazetta.com\/wp-content\/uploads\/2016\/08\/0VCM2-300x187.jpg 300w, https:\/\/revistazetta.com\/wp-content\/uploads\/2016\/08\/0VCM2-234x146.jpg 234w, https:\/\/revistazetta.com\/wp-content\/uploads\/2016\/08\/0VCM2-50x31.jpg 50w, https:\/\/revistazetta.com\/wp-content\/uploads\/2016\/08\/0VCM2-120x75.jpg 120w, https:\/\/revistazetta.com\/wp-content\/uploads\/2016\/08\/0VCM2.jpg 570w\" sizes=\"auto, (max-width: 300px) 100vw, 300px\" \/><\/p>\n<p>El taller se llev\u00f3 a cabo este lunes en la sede de Ronda Real y se dividi\u00f3 en sesiones de tres horas con grupos de 10 mujeres. Un espacio de confianza y comodidad donde se realizaron diversas actividades, como t\u00e9cnicas de relajaci\u00f3n y la exposici\u00f3n de videos de superaci\u00f3n personal, permitiendo que este grupo de mujeres saliera de su rutina diaria y disfrutara de una ma\u00f1ana agradable. \u201cEsta actividad me hizo sentir tranquila y segura, me dio fuerzas para poder continuar\u201d, manifest\u00f3 Jessica Cassiani, una de las participantes<\/p>\n<p>El equipo interdisciplinario de psic\u00f3logas y trabajadores sociales, le apunt\u00f3 a potenciar el sentimiento de val\u00eda personal y fomentar la motivaci\u00f3n, haciendo que las asistentes participaran en un baile, donde las sonrisas y las carcajadas fueron protagonistas. \u201cPara m\u00ed, esta actividad fue una lecci\u00f3n, aprender a reconstruirse desde lo m\u00e1s peque\u00f1o\u201d, asegur\u00f3 Ang\u00e9lica Ochoa.<img loading=\"lazy\" decoding=\"async\" class=\"alignright wp-image-15546 size-medium\" src=\"https:\/\/www.revistazetta.com\/wp-content\/uploads\/2016\/08\/0VCM-300x187.jpg\" alt=\"0VCM\" width=\"300\" height=\"187\" srcset=\"https:\/\/revistazetta.com\/wp-content\/uploads\/2016\/08\/0VCM-300x187.jpg 300w, https:\/\/revistazetta.com\/wp-content\/uploads\/2016\/08\/0VCM-234x146.jpg 234w, https:\/\/revistazetta.com\/wp-content\/uploads\/2016\/08\/0VCM-50x31.jpg 50w, https:\/\/revistazetta.com\/wp-content\/uploads\/2016\/08\/0VCM-120x75.jpg 120w, https:\/\/revistazetta.com\/wp-content\/uploads\/2016\/08\/0VCM.jpg 570w\" sizes=\"auto, (max-width: 300px) 100vw, 300px\" \/> <img loading=\"lazy\" decoding=\"async\" class=\"alignright wp-image-15547 size-medium\" src=\"https:\/\/www.revistazetta.com\/wp-content\/uploads\/2016\/08\/0VCM1-300x187.jpg\" alt=\"0VCM1\" width=\"300\" height=\"187\" srcset=\"https:\/\/revistazetta.com\/wp-content\/uploads\/2016\/08\/0VCM1-300x187.jpg 300w, https:\/\/revistazetta.com\/wp-content\/uploads\/2016\/08\/0VCM1-234x146.jpg 234w, https:\/\/revistazetta.com\/wp-content\/uploads\/2016\/08\/0VCM1-50x31.jpg 50w, https:\/\/revistazetta.com\/wp-content\/uploads\/2016\/08\/0VCM1-120x75.jpg 120w, https:\/\/revistazetta.com\/wp-content\/uploads\/2016\/08\/0VCM1.jpg 570w\" sizes=\"auto, (max-width: 300px) 100vw, 300px\" \/><\/p>\n<p>En el mural de emociones, las asistentes plasmaron lo que sintieron durante la sesi\u00f3n y agradecieron al gobierno de Primero la Gente por la actividad, solicitando que sean continuas, ya que permiten un momento de tranquilidad y alegr\u00eda para ellas.<\/p>\n","protected":false},"excerpt":{"rendered":"<p>Reconstruir la identidad propia y fortalecer el autoestima de las mujeres v\u00edctimas de violencia de pareja, es el objetivo principal del taller \u201cAbre una Puerta a tu Alegr\u00eda Interior\u201d, organizado por la Secretar\u00eda de Participaci\u00f3n y Desarrollo Social a trav\u00e9s de su Oficina de Asuntos para la Mujer. El taller se llev\u00f3 a cabo este lunes en la sede de Ronda Real y se dividi\u00f3 en sesiones de tres horas con grupos de 10 mujeres. Un espacio de confianza y comodidad donde se realizaron diversas actividades, como t\u00e9cnicas de relajaci\u00f3n&#8230; <\/p>\n","protected":false},"author":3,"featured_media":15549,"comment_status":"open","ping_status":"closed","sticky":false,"template":"","format":"standard","meta":{"footnotes":"","_links_to":"","_links_to_target":""},"categories":[32,85,86],"tags":[],"class_list":["post-15527","post","type-post","status-publish","format-standard","has-post-thumbnail","hentry","category-actualidad-distrito","category-cartagena","category-comunidad"],"_links":{"self":[{"href":"https:\/\/revistazetta.com\/index.php?rest_route=\/wp\/v2\/posts\/15527","targetHints":{"allow":["GET"]}}],"collection":[{"href":"https:\/\/revistazetta.com\/index.php?rest_route=\/wp\/v2\/posts"}],"about":[{"href":"https:\/\/revistazetta.com\/index.php?rest_route=\/wp\/v2\/types\/post"}],"author":[{"embeddable":true,"href":"https:\/\/revistazetta.com\/index.php?rest_route=\/wp\/v2\/users\/3"}],"replies":[{"embeddable":true,"href":"https:\/\/revistazetta.com\/index.php?rest_route=%2Fwp%2Fv2%2Fcomments&post=15527"}],"version-history":[{"count":0,"href":"https:\/\/revistazetta.com\/index.php?rest_route=\/wp\/v2\/posts\/15527\/revisions"}],"wp:featuredmedia":[{"embeddable":true,"href":"https:\/\/revistazetta.com\/index.php?rest_route=\/wp\/v2\/media\/15549"}],"wp:attachment":[{"href":"https:\/\/revistazetta.com\/index.php?rest_route=%2Fwp%2Fv2%2Fmedia&parent=15527"}],"wp:term":[{"taxonomy":"category","embeddable":true,"href":"https:\/\/revistazetta.com\/index.php?rest_route=%2Fwp%2Fv2%2Fcategories&post=15527"},{"taxonomy":"post_tag","embeddable":true,"href":"https:\/\/revistazetta.com\/index.php?rest_route=%2Fwp%2Fv2%2Ftags&post=15527"}],"curies":[{"name":"wp","href":"https:\/\/api.w.org\/{rel}","templated":true}]}}