{"id":15531,"date":"2016-08-30T18:28:54","date_gmt":"2016-08-30T23:28:54","guid":{"rendered":"http:\/\/www.revistazetta.com\/?p=15531"},"modified":"2016-08-31T05:20:40","modified_gmt":"2016-08-31T10:20:40","slug":"distrito-busca-homologar-la-estratificacion-cartagena","status":"publish","type":"post","link":"https:\/\/revistazetta.com\/?p=15531","title":{"rendered":"Distrito busca homologar la estratificaci\u00f3n en Cartagena"},"content":{"rendered":"<p>El alcalde Manolo Duque\u00a0se reuni\u00f3 con el Comit\u00e9\u00a0Permanente de Estratificaci\u00f3n, que define, entre otros aspectos sustanciales, la homologaci\u00f3n de estratos para el cobro de los recibos de los servicios p\u00fablicos.<\/p>\n<p>La reuni\u00f3n tuvo como objetivo principal esta \u00a0homologaci\u00f3n, con el fin de confrontar las bases de datos que maneja la Secretar\u00eda de Planeaci\u00f3n Distrital y las que manejan las\u00a0empresas prestadoras de servicios p\u00fablicos.<\/p>\n<p>\u201cBuscamos establecer la ruta de acci\u00f3n para que se establezca la homologaci\u00f3n de todas las bases de datos que manejan las empresas de servicios p\u00fablicos y las que manejamos en Planeaci\u00f3n Distrital. Queremos lograr el 100% de la homologaci\u00f3n en las bases de datos\u201d asegur\u00f3 Luz Elena Paternina, secretaria de Planeaci\u00f3n Distrital.<\/p>\n<p>Con esta homologaci\u00f3n se lograr\u00eda la focalizaci\u00f3n del gasto que se emplea para cobrar los servicios p\u00fablicos domiciliarios con tarifas diferenciales por estrato y para asignar subsidios y contribuciones a los hogares en esta \u00e1rea.<\/p>\n<p>De esta manera, quienes tienen m\u00e1s capacidad econ\u00f3mica, pagan m\u00e1s por los servicios p\u00fablicos y contribuyen para que los hogares\u00a0 de estratos bajos puedan pagar sus tarifas.<\/p>\n<p>La estratificaci\u00f3n socioecon\u00f3mica es el mecanismo que permite clasificar la poblaci\u00f3n en distintos estratos dependiendo de las caracter\u00edsticas sociales y econ\u00f3micas, a trav\u00e9s del examen de las tipolog\u00edas f\u00edsicas de sus viviendas, el entorno inmediato y el contexto urban\u00edstico o rural de las mismas.<\/p>\n<p>El Comit\u00e9 Permanente de Estratificaci\u00f3n est\u00e1 representado por un delegado de las diferentes empresas de servicios p\u00fablicos y cinco representantes de la comunidad elegidos mediante un concurso que realiza la Personer\u00eda Distrital.<\/p>\n<p>&nbsp;<\/p>\n<p><strong>\u00bfA qui\u00e9n me dirijo si no estoy de acuerdo con mi estrato?<\/strong><\/p>\n<p>Los ciudadanos que no est\u00e9n de acuerdo con el estrato asignado a una o varias viviendas, pueden solicitar su modificaci\u00f3n a trav\u00e9s de una comunicaci\u00f3n escrita dirigida al Director de la Direcci\u00f3n de Estratificaci\u00f3n, en su calidad de primera instancia, en la cual se deben exponer las razones que motivan la petici\u00f3n.<\/p>\n<p>Esta solicitud deber\u00e1 ser radicada en la oficina de archivo y correspondencia en la Alcald\u00eda. La primera instancia deber\u00e1 dar respuesta a la solicitud en un plazo no mayor a dos meses. A partir de una citaci\u00f3n a que se notifique, el solicitante se acerca a la Secretar\u00eda Distrital de Planeaci\u00f3n y se notifica en forma personal de la respuesta de la primera instancia.<\/p>\n<p>Si no se est\u00e1 de acuerdo con lo resuelto por la primera instancia se podr\u00e1 solicitar que el Comit\u00e9 Permanente de Estratificaci\u00f3n de Cartagena, adelante el tr\u00e1mite en segunda instancia. Quienes hayan surtido el tr\u00e1mite en primera instancia, cuentan con cinco d\u00edas h\u00e1biles contados a partir de la notificaci\u00f3n para apelar ante el Comit\u00e9 Permanente de Estratificaci\u00f3n de Cartagena. El solicitante deber\u00e1 llenar nuevamente el formulario de solicitud de inspecci\u00f3n anexando el certificado de la primera instancia.<\/p>\n<p>El Comit\u00e9 citado cuenta con dos meses para responder la solicitud.<\/p>\n","protected":false},"excerpt":{"rendered":"<p>El alcalde Manolo Duque\u00a0se reuni\u00f3 con el Comit\u00e9\u00a0Permanente de Estratificaci\u00f3n, que define, entre otros aspectos sustanciales, la homologaci\u00f3n de estratos para el cobro de los recibos de los servicios p\u00fablicos. La reuni\u00f3n tuvo como objetivo principal esta \u00a0homologaci\u00f3n, con el fin de confrontar las bases de datos que maneja la Secretar\u00eda de Planeaci\u00f3n Distrital y las que manejan las\u00a0empresas prestadoras de servicios p\u00fablicos. \u201cBuscamos establecer la ruta de acci\u00f3n para que se establezca la homologaci\u00f3n de todas las bases de datos que manejan las empresas de servicios p\u00fablicos y las&#8230; <\/p>\n","protected":false},"author":3,"featured_media":15538,"comment_status":"open","ping_status":"closed","sticky":false,"template":"","format":"standard","meta":{"footnotes":"","_links_to":"","_links_to_target":""},"categories":[32,85,86,75],"tags":[],"class_list":["post-15531","post","type-post","status-publish","format-standard","has-post-thumbnail","hentry","category-actualidad-distrito","category-cartagena","category-comunidad","category-destacada"],"_links":{"self":[{"href":"https:\/\/revistazetta.com\/index.php?rest_route=\/wp\/v2\/posts\/15531","targetHints":{"allow":["GET"]}}],"collection":[{"href":"https:\/\/revistazetta.com\/index.php?rest_route=\/wp\/v2\/posts"}],"about":[{"href":"https:\/\/revistazetta.com\/index.php?rest_route=\/wp\/v2\/types\/post"}],"author":[{"embeddable":true,"href":"https:\/\/revistazetta.com\/index.php?rest_route=\/wp\/v2\/users\/3"}],"replies":[{"embeddable":true,"href":"https:\/\/revistazetta.com\/index.php?rest_route=%2Fwp%2Fv2%2Fcomments&post=15531"}],"version-history":[{"count":0,"href":"https:\/\/revistazetta.com\/index.php?rest_route=\/wp\/v2\/posts\/15531\/revisions"}],"wp:featuredmedia":[{"embeddable":true,"href":"https:\/\/revistazetta.com\/index.php?rest_route=\/wp\/v2\/media\/15538"}],"wp:attachment":[{"href":"https:\/\/revistazetta.com\/index.php?rest_route=%2Fwp%2Fv2%2Fmedia&parent=15531"}],"wp:term":[{"taxonomy":"category","embeddable":true,"href":"https:\/\/revistazetta.com\/index.php?rest_route=%2Fwp%2Fv2%2Fcategories&post=15531"},{"taxonomy":"post_tag","embeddable":true,"href":"https:\/\/revistazetta.com\/index.php?rest_route=%2Fwp%2Fv2%2Ftags&post=15531"}],"curies":[{"name":"wp","href":"https:\/\/api.w.org\/{rel}","templated":true}]}}