{"id":15532,"date":"2016-08-30T18:16:36","date_gmt":"2016-08-30T23:16:36","guid":{"rendered":"http:\/\/www.revistazetta.com\/?p=15532"},"modified":"2016-08-30T18:22:57","modified_gmt":"2016-08-30T23:22:57","slug":"sabor-noviembre-sigue-llegando-los-centros-comerciales","status":"publish","type":"post","link":"https:\/\/revistazetta.com\/?p=15532","title":{"rendered":"El sabor de noviembre sigue llegando a los centros comerciales"},"content":{"rendered":"<p>La Ruta Festiva sigue haciendo recorridos por los centros comerciales; el viernes 26 y el domingo 28 de agosto, atravesaron la ciudad desde Ronda Real (Santa Luc\u00eda) hasta el Centro Comercial Nao (Bocagrande).<\/p>\n<p>Una multitud fiestera encabezada por la Virreina de la Independencia 2015, Natalia Z\u00fa\u00f1iga se tom\u00f3 literalmente las instalaciones de este centro comercial ubicado en el sector de Santa Luc\u00eda.<\/p>\n<p>La ruta continu\u00f3 su camino, y se instal\u00f3 en el centro comercial Outlet del Bosque donde un grupo de bailarines se integr\u00f3 a la ruta para hacerla multitudinaria. All\u00ed los compradores tambi\u00e9n se dejaron contagiar por el ambiente festivo que acababa de llegar al centro comercial.<\/p>\n<p><img loading=\"lazy\" decoding=\"async\" class=\"alignleft size-medium wp-image-15543\" src=\"https:\/\/www.revistazetta.com\/wp-content\/uploads\/2016\/08\/RF5-300x187.jpg\" alt=\"RF5\" width=\"300\" height=\"187\" srcset=\"https:\/\/revistazetta.com\/wp-content\/uploads\/2016\/08\/RF5-300x187.jpg 300w, https:\/\/revistazetta.com\/wp-content\/uploads\/2016\/08\/RF5-234x146.jpg 234w, https:\/\/revistazetta.com\/wp-content\/uploads\/2016\/08\/RF5-50x31.jpg 50w, https:\/\/revistazetta.com\/wp-content\/uploads\/2016\/08\/RF5-120x75.jpg 120w, https:\/\/revistazetta.com\/wp-content\/uploads\/2016\/08\/RF5.jpg 570w\" sizes=\"auto, (max-width: 300px) 100vw, 300px\" \/> <img loading=\"lazy\" decoding=\"async\" class=\"alignleft size-medium wp-image-15542\" src=\"https:\/\/www.revistazetta.com\/wp-content\/uploads\/2016\/08\/RF4-300x187.jpg\" alt=\"RF4\" width=\"300\" height=\"187\" srcset=\"https:\/\/revistazetta.com\/wp-content\/uploads\/2016\/08\/RF4-300x187.jpg 300w, https:\/\/revistazetta.com\/wp-content\/uploads\/2016\/08\/RF4-234x146.jpg 234w, https:\/\/revistazetta.com\/wp-content\/uploads\/2016\/08\/RF4-50x31.jpg 50w, https:\/\/revistazetta.com\/wp-content\/uploads\/2016\/08\/RF4-120x75.jpg 120w, https:\/\/revistazetta.com\/wp-content\/uploads\/2016\/08\/RF4.jpg 570w\" sizes=\"auto, (max-width: 300px) 100vw, 300px\" \/><\/p>\n<p>En el centro comercial Getseman\u00ed, la virreina Natalia Z\u00fa\u00f1iga, se subi\u00f3 al escenario para invitar a todos los cartageneros a gozar el baile. Posteriormente la caravana se dirigi\u00f3 al centro comercial Centro Uno, donde tambi\u00e9n se vivi\u00f3 la alegr\u00eda de las fiestas novembrinas. All\u00ed la ruta festiva se tom\u00f3 todos los pisos, donde compradores y trabajadores se dejaron llevar por el sonido de las gaitas<\/p>\n<p>El domingo 29 de agosto lleg\u00f3 al Paseo de la Castellana, con m\u00fasicos, la Gran Lancera y la actual Reina de la Independencia.<\/p>\n<p>La reina Naomi Ocor\u00f3 invit\u00f3 a todos los cartageneros que se encontraban en el Paseo de la Castellana a vivir este a\u00f1o las Fiestas de la Independencia con la popular frase: \u201cVamos pa\u2019l baile\u201d.<\/p>\n<p>El festejo se traslad\u00f3 al Mall Plaza donde las personas que se encontraban en el lugar no dudaron en bailar al ritmo de los tambores y en pedir una foto a cualquiera de los actores festivos de la ruta.<\/p>\n<p><img loading=\"lazy\" decoding=\"async\" class=\"alignright wp-image-15541 size-medium\" src=\"https:\/\/www.revistazetta.com\/wp-content\/uploads\/2016\/08\/RF2-300x187.jpg\" alt=\"RF2\" width=\"300\" height=\"187\" srcset=\"https:\/\/revistazetta.com\/wp-content\/uploads\/2016\/08\/RF2-300x187.jpg 300w, https:\/\/revistazetta.com\/wp-content\/uploads\/2016\/08\/RF2-234x146.jpg 234w, https:\/\/revistazetta.com\/wp-content\/uploads\/2016\/08\/RF2-50x31.jpg 50w, https:\/\/revistazetta.com\/wp-content\/uploads\/2016\/08\/RF2-120x75.jpg 120w, https:\/\/revistazetta.com\/wp-content\/uploads\/2016\/08\/RF2.jpg 570w\" sizes=\"auto, (max-width: 300px) 100vw, 300px\" \/> <img loading=\"lazy\" decoding=\"async\" class=\"alignright wp-image-15540 size-medium\" src=\"https:\/\/www.revistazetta.com\/wp-content\/uploads\/2016\/08\/RF1-300x187.jpg\" alt=\"RF1\" width=\"300\" height=\"187\" srcset=\"https:\/\/revistazetta.com\/wp-content\/uploads\/2016\/08\/RF1-300x187.jpg 300w, https:\/\/revistazetta.com\/wp-content\/uploads\/2016\/08\/RF1-234x146.jpg 234w, https:\/\/revistazetta.com\/wp-content\/uploads\/2016\/08\/RF1-50x31.jpg 50w, https:\/\/revistazetta.com\/wp-content\/uploads\/2016\/08\/RF1-120x75.jpg 120w, https:\/\/revistazetta.com\/wp-content\/uploads\/2016\/08\/RF1.jpg 570w\" sizes=\"auto, (max-width: 300px) 100vw, 300px\" \/><\/p>\n<p>Tambi\u00e9n lleg\u00f3 al centro comercial Plaza Bocagrande, y finaliz\u00f3 su recorrido en el centro comercial Nao. La reina de la independencia Naomi Ocor\u00f3 dio un balance general de lo que fue la Ruta Festiva. \u201cLa importancia de llevar las Fiestas de la Independencia a los centros <img loading=\"lazy\" decoding=\"async\" class=\"alignright wp-image-15539 size-medium\" src=\"https:\/\/www.revistazetta.com\/wp-content\/uploads\/2016\/08\/RF-300x187.jpg\" alt=\"RF\" width=\"300\" height=\"187\" srcset=\"https:\/\/revistazetta.com\/wp-content\/uploads\/2016\/08\/RF-300x187.jpg 300w, https:\/\/revistazetta.com\/wp-content\/uploads\/2016\/08\/RF-234x146.jpg 234w, https:\/\/revistazetta.com\/wp-content\/uploads\/2016\/08\/RF-50x31.jpg 50w, https:\/\/revistazetta.com\/wp-content\/uploads\/2016\/08\/RF-120x75.jpg 120w, https:\/\/revistazetta.com\/wp-content\/uploads\/2016\/08\/RF.jpg 570w\" sizes=\"auto, (max-width: 300px) 100vw, 300px\" \/>comerciales es que los cartageneros se concienticen desde ya que tenemos que respetar nuestras fiestas y ponernos en modo novembrino\u201d.<\/p>\n<p>Ella, como soberana y rostro de la Independencia, expres\u00f3 que \u201ca pesar de ser la primera vez que se realiza algo como esto, la gente lo recibi\u00f3 muy bien y sobre todo sinti\u00f3 las Fiestas de Independencia dentro de un ambiente tan familiar como un centro comercial\u201d.<\/p>\n<p>&nbsp;<\/p>\n","protected":false},"excerpt":{"rendered":"<p>La Ruta Festiva sigue haciendo recorridos por los centros comerciales; el viernes 26 y el domingo 28 de agosto, atravesaron la ciudad desde Ronda Real (Santa Luc\u00eda) hasta el Centro Comercial Nao (Bocagrande). Una multitud fiestera encabezada por la Virreina de la Independencia 2015, Natalia Z\u00fa\u00f1iga se tom\u00f3 literalmente las instalaciones de este centro comercial ubicado en el sector de Santa Luc\u00eda. La ruta continu\u00f3 su camino, y se instal\u00f3 en el centro comercial Outlet del Bosque donde un grupo de bailarines se integr\u00f3 a la ruta para hacerla multitudinaria&#8230;. <\/p>\n","protected":false},"author":3,"featured_media":15544,"comment_status":"open","ping_status":"closed","sticky":false,"template":"","format":"standard","meta":{"footnotes":"","_links_to":"","_links_to_target":""},"categories":[32,85],"tags":[],"class_list":["post-15532","post","type-post","status-publish","format-standard","has-post-thumbnail","hentry","category-actualidad-distrito","category-cartagena"],"_links":{"self":[{"href":"https:\/\/revistazetta.com\/index.php?rest_route=\/wp\/v2\/posts\/15532","targetHints":{"allow":["GET"]}}],"collection":[{"href":"https:\/\/revistazetta.com\/index.php?rest_route=\/wp\/v2\/posts"}],"about":[{"href":"https:\/\/revistazetta.com\/index.php?rest_route=\/wp\/v2\/types\/post"}],"author":[{"embeddable":true,"href":"https:\/\/revistazetta.com\/index.php?rest_route=\/wp\/v2\/users\/3"}],"replies":[{"embeddable":true,"href":"https:\/\/revistazetta.com\/index.php?rest_route=%2Fwp%2Fv2%2Fcomments&post=15532"}],"version-history":[{"count":0,"href":"https:\/\/revistazetta.com\/index.php?rest_route=\/wp\/v2\/posts\/15532\/revisions"}],"wp:featuredmedia":[{"embeddable":true,"href":"https:\/\/revistazetta.com\/index.php?rest_route=\/wp\/v2\/media\/15544"}],"wp:attachment":[{"href":"https:\/\/revistazetta.com\/index.php?rest_route=%2Fwp%2Fv2%2Fmedia&parent=15532"}],"wp:term":[{"taxonomy":"category","embeddable":true,"href":"https:\/\/revistazetta.com\/index.php?rest_route=%2Fwp%2Fv2%2Fcategories&post=15532"},{"taxonomy":"post_tag","embeddable":true,"href":"https:\/\/revistazetta.com\/index.php?rest_route=%2Fwp%2Fv2%2Ftags&post=15532"}],"curies":[{"name":"wp","href":"https:\/\/api.w.org\/{rel}","templated":true}]}}