{"id":15533,"date":"2016-08-30T16:09:57","date_gmt":"2016-08-30T21:09:57","guid":{"rendered":"http:\/\/www.revistazetta.com\/?p=15533"},"modified":"2016-08-30T16:18:28","modified_gmt":"2016-08-30T21:18:28","slug":"comfamiliar-eps-s-inicia-proceso-conciliacion-red-prestadores","status":"publish","type":"post","link":"https:\/\/revistazetta.com\/?p=15533","title":{"rendered":"Comfamiliar EPS-S inicia proceso de conciliaci\u00f3n con su red de prestadores"},"content":{"rendered":"<p>Como parte vital del proceso de salvamento del\u00a0 Programa de Salud de la Caja, Ana Patricia L\u00f3pez R\u00edos, directora Administrativa de Comfamiliar Cartagena y Bol\u00edvar, inform\u00f3 ayer que durante 45 d\u00edas se establecer\u00e1n mesas de conciliaci\u00f3n con las IPS que conforman la red de servicios de la EPS.<\/p>\n<p>\u201cAprovecho esta oportunidad para invitar a los prestadores a que nos hagan llegar sus carteras para hacer las conciliaciones y que estas queden claras (\u2026) resaltamos este proceso porque es el paso inicial para llegar a acuerdos de pago; es el paso inicial para consolidar nuestra relaci\u00f3n con los prestadores, para que todos tengan la tranquilidad de que Comfamiliar est\u00e1 por muy buen camino y que va a cumplir con su promesa de responder econ\u00f3micamente a los prestadores que de muy buena fe nos ha dado sus servicios\u201d, resalt\u00f3 la directora de la Caja.<\/p>\n<p><strong><u>Mesas de trabajo permanentes y abiertas<\/u><\/strong><\/p>\n<p>Para el desarrollo de dicha iniciativa, Comfamiliar EPS-S habilitar\u00e1 distintos canales de comunicaci\u00f3n mediante los cuales las diferentes IPS podr\u00e1n hacer llegar sus estados de cuenta, con el fin de que estos sean evaluados, previo a que se dispongan las mesas de conciliaci\u00f3n.<\/p>\n<p>Los interesados en participar del proceso podr\u00e1n dirigir sus informes al correo electr\u00f3nico\u00a0<a href=\"mailto:depuracioncartera@comfamiliar.org.co\">depuracioncartera@comfamiliar.org.co<\/a>\u00a0o si lo prefieren radicarlos en medio f\u00edsico y magn\u00e9tico en las oficinas de la direcci\u00f3n y subdirecci\u00f3n financiera de la Caja, ubicadas en el Edificio Banco de Bogot\u00e1 del Centro Hist\u00f3rico, donde ser\u00e1n recibidos.<\/p>\n<p>Posteriormente las IPS ser\u00e1n notificadas para que asistan a las mesas de trabajo permanentes y abiertas que se instalar\u00e1n en el Centro Recreacional Napole\u00f3n Perea, donde un equipo administrativo de Comfamiliar se encargar\u00e1 de \u201cconciliar y resolver las diferentes inquietudes que puedan llegar a surgir de la informaci\u00f3n inicial\u201d, tal como indic\u00f3 su directora.<\/p>\n<p>&nbsp;<\/p>\n<p><strong>\u201cTodas las IPS son nuestra prioridad\u201d<\/strong><\/p>\n<p>Sin desconocer el gran apoyo que la red privada le ha dado al programa de EPS de Comfamiliar, brind\u00e1ndole atenci\u00f3n de calidad a todos sus afiliados, la Dra. Ana Patricia L\u00f3pez R\u00edos anunci\u00f3 que instituciones como la Fundaci\u00f3n Hospital Infantil Napole\u00f3n Franco Pareja \u2013 La Casa del Ni\u00f1o, la Cl\u00ednica Maternidad Rafael Calvo, el Hospital Universitario del Caribe y el Hospital La Misericordia de Magangu\u00e9, ser\u00e1n prioritarias en este proceso.<\/p>\n<p>\u201cCasa del Ni\u00f1o es fundamental dentro de nuestra red de prestadores. Siempre hemos sido muy atentos a poder llegar a unos muy buenos acuerdos con la cartera, con la prestaci\u00f3n del servicio, con nuestros pacientes de c\u00e1ncer y pese a que hemos venido manejando con ellos un plan de pago anticipado, por su puesto que est\u00e1 dentro de las prioridades para la conciliaci\u00f3n de cartera. (\u2026) \u00a0Ya con ellos iniciamos el proceso, antes de este lanzamiento y lo vamos a terminar consolidando en estos primeros d\u00edas\u201d, indic\u00f3 L\u00f3pez R\u00edos.<\/p>\n<p>Para finalizar, la directora administrativa de Comfamiliar aclar\u00f3 que tambi\u00e9n habr\u00e1 celeridad en los procesos de las IPS de la red privada y agradeci\u00f3 el apoyo que usuarios de EPS y afiliados a la Caja han expresado durante las \u00faltimas semanas.<\/p>\n","protected":false},"excerpt":{"rendered":"<p>Como parte vital del proceso de salvamento del\u00a0 Programa de Salud de la Caja, Ana Patricia L\u00f3pez R\u00edos, directora Administrativa de Comfamiliar Cartagena y Bol\u00edvar, inform\u00f3 ayer que durante 45 d\u00edas se establecer\u00e1n mesas de conciliaci\u00f3n con las IPS que conforman la red de servicios de la EPS. \u201cAprovecho esta oportunidad para invitar a los prestadores a que nos hagan llegar sus carteras para hacer las conciliaciones y que estas queden claras (\u2026) resaltamos este proceso porque es el paso inicial para llegar a acuerdos de pago; es el paso&#8230; <\/p>\n","protected":false},"author":3,"featured_media":15534,"comment_status":"open","ping_status":"closed","sticky":false,"template":"","format":"standard","meta":{"footnotes":"","_links_to":"","_links_to_target":""},"categories":[2,75],"tags":[],"class_list":["post-15533","post","type-post","status-publish","format-standard","has-post-thumbnail","hentry","category-actualidad","category-destacada"],"_links":{"self":[{"href":"https:\/\/revistazetta.com\/index.php?rest_route=\/wp\/v2\/posts\/15533","targetHints":{"allow":["GET"]}}],"collection":[{"href":"https:\/\/revistazetta.com\/index.php?rest_route=\/wp\/v2\/posts"}],"about":[{"href":"https:\/\/revistazetta.com\/index.php?rest_route=\/wp\/v2\/types\/post"}],"author":[{"embeddable":true,"href":"https:\/\/revistazetta.com\/index.php?rest_route=\/wp\/v2\/users\/3"}],"replies":[{"embeddable":true,"href":"https:\/\/revistazetta.com\/index.php?rest_route=%2Fwp%2Fv2%2Fcomments&post=15533"}],"version-history":[{"count":0,"href":"https:\/\/revistazetta.com\/index.php?rest_route=\/wp\/v2\/posts\/15533\/revisions"}],"wp:featuredmedia":[{"embeddable":true,"href":"https:\/\/revistazetta.com\/index.php?rest_route=\/wp\/v2\/media\/15534"}],"wp:attachment":[{"href":"https:\/\/revistazetta.com\/index.php?rest_route=%2Fwp%2Fv2%2Fmedia&parent=15533"}],"wp:term":[{"taxonomy":"category","embeddable":true,"href":"https:\/\/revistazetta.com\/index.php?rest_route=%2Fwp%2Fv2%2Fcategories&post=15533"},{"taxonomy":"post_tag","embeddable":true,"href":"https:\/\/revistazetta.com\/index.php?rest_route=%2Fwp%2Fv2%2Ftags&post=15533"}],"curies":[{"name":"wp","href":"https:\/\/api.w.org\/{rel}","templated":true}]}}