{"id":15536,"date":"2016-08-30T16:44:59","date_gmt":"2016-08-30T21:44:59","guid":{"rendered":"http:\/\/www.revistazetta.com\/?p=15536"},"modified":"2016-08-30T16:49:28","modified_gmt":"2016-08-30T21:49:28","slug":"lanzan-festijazz-mompox-2016-bogota","status":"publish","type":"post","link":"https:\/\/revistazetta.com\/?p=15536","title":{"rendered":"Lanzan Festijazz Mompox 2016 en Bogot\u00e1"},"content":{"rendered":"<p>Todo est\u00e1 listo para la V versi\u00f3n del Festival de Jazz de Mompox, el gran evento que organiza el Bol\u00edvar S\u00ed Avanza, a trav\u00e9s del Instituto de cultura y Turismo del Departamento \u2013Icultur-, en la llamada \u201cTierra de Dios\u201d, la cual abre toda su magia orillas del R\u00edo Magdalena para recibir a los amantes de esta gran fiesta que ya ha alcanzado renombre a nivel nacional e internacional.<\/p>\n<p>Seg\u00fan el gobernador de Bol\u00edvar, Dumek Turbay Paz, este a\u00f1o el evento ser\u00e1 del 13 al 15 de octubre y traer\u00e1 grandes sorpresas en la agenda de actividades llenas de cultura, artesan\u00eda, gastronom\u00eda y formaci\u00f3n musical que se desarrollar\u00e1n en el marco del Festival y con los artistas invitados, los cuales son garant\u00eda de un gran espect\u00e1culo.<\/p>\n<p>Esta V versi\u00f3n del FestiJazz coincide el jueves 13 de octubre con la \u201cFiesta Momposina R\u00edo de Gente\u201d, en la que estar\u00e1n cerca de 500 artistas de esta parte del Departamento, que ofrecer\u00e1n un gran repertorio para todos los momposinos. Esta es una actividad que busca rescatar la identidad y la multiculturalidad en el marco del Festival, que involucra a toda la poblaci\u00f3n momposina y del resto de la Depresi\u00f3n.<\/p>\n<p>Seg\u00fan la directora de Icultur, Lucy Espinosa, la actividad contempla un desfile de artistas y grupos folcl\u00f3ricos que se inicia en La Albarrada, contin\u00faa por la Calle del Medio y finaliza en la Plaza de Santa B\u00e1rbara, donde habr\u00e1 una tarima con presentaciones especiales, entre las que estar\u00e1n La Banda 19 de Marzo de Laguneta (C\u00f3rdoba). Para la Fiesta Momposina R\u00edo de Gente, el gobernador Dumek Turbay Paz ofrecer\u00e1 como regalo a Mompox y a los asistentes, un concierto con Silvestre Dangond, quien interpretar\u00e1 lo mejor de sus canciones prendiendo el ambiente en la m\u00e1gica isla.<\/p>\n<p>Dentro de la agenda del Festival, que incluye viernes 14 y s\u00e1bado 15 de octubre, est\u00e1 contemplado realizar conversatorios; clases magistrales; la Feria Artes, Filigrana y Sabores Momposinos, y los tradicionales conciertos llenos de calidad nacional e internacional.<\/p>\n<p>La parrilla de artistas que se presentar\u00e1n en el FestiJazz 2016 se dar\u00e1 a conocer luego del lanzamiento oficial que se realizar\u00e1 en Bogot\u00e1 este 31 de Agosto en Gaira Caf\u00e9, manteniendo la expectativa de todo el p\u00fablico que ha conquistado la Isla de Mompox. Sin embargo, y como un adelanto, la Directora de Icultur expres\u00f3 que el Festival contar\u00e1 con la participaci\u00f3n de exponentes del Jazz, nacionales y extranjeros, que gozan de reconocimiento en este arte musical que engalanar\u00e1n este importante encuentro en Mompox y vestir\u00e1n cada rinc\u00f3n de la isla con un lenguaje rico en swing, improvisaci\u00f3n y el virtuosismo de cada uno de los int\u00e9rpretes.<\/p>\n<p>Por otra parte, Lucy Espinosa, record\u00f3 que hasta el 8 de septiembre estar\u00e1 abierta la convocatoria para que representantes de estos sectores puedan participar en la primera Feria de Sabores Momposinos, de Artesan\u00edas y Filigranas que se realizar\u00e1 en el marco del Festival, por lo que los anima a su participaci\u00f3n.<\/p>\n","protected":false},"excerpt":{"rendered":"<p>Todo est\u00e1 listo para la V versi\u00f3n del Festival de Jazz de Mompox, el gran evento que organiza el Bol\u00edvar S\u00ed Avanza, a trav\u00e9s del Instituto de cultura y Turismo del Departamento \u2013Icultur-, en la llamada \u201cTierra de Dios\u201d, la cual abre toda su magia orillas del R\u00edo Magdalena para recibir a los amantes de esta gran fiesta que ya ha alcanzado renombre a nivel nacional e internacional. Seg\u00fan el gobernador de Bol\u00edvar, Dumek Turbay Paz, este a\u00f1o el evento ser\u00e1 del 13 al 15 de octubre y traer\u00e1 grandes&#8230; <\/p>\n","protected":false},"author":3,"featured_media":15537,"comment_status":"open","ping_status":"closed","sticky":false,"template":"","format":"standard","meta":{"footnotes":"","_links_to":"","_links_to_target":""},"categories":[41,75,43],"tags":[],"class_list":["post-15536","post","type-post","status-publish","format-standard","has-post-thumbnail","hentry","category-cultura","category-destacada","category-cultura-musica"],"_links":{"self":[{"href":"https:\/\/revistazetta.com\/index.php?rest_route=\/wp\/v2\/posts\/15536","targetHints":{"allow":["GET"]}}],"collection":[{"href":"https:\/\/revistazetta.com\/index.php?rest_route=\/wp\/v2\/posts"}],"about":[{"href":"https:\/\/revistazetta.com\/index.php?rest_route=\/wp\/v2\/types\/post"}],"author":[{"embeddable":true,"href":"https:\/\/revistazetta.com\/index.php?rest_route=\/wp\/v2\/users\/3"}],"replies":[{"embeddable":true,"href":"https:\/\/revistazetta.com\/index.php?rest_route=%2Fwp%2Fv2%2Fcomments&post=15536"}],"version-history":[{"count":0,"href":"https:\/\/revistazetta.com\/index.php?rest_route=\/wp\/v2\/posts\/15536\/revisions"}],"wp:featuredmedia":[{"embeddable":true,"href":"https:\/\/revistazetta.com\/index.php?rest_route=\/wp\/v2\/media\/15537"}],"wp:attachment":[{"href":"https:\/\/revistazetta.com\/index.php?rest_route=%2Fwp%2Fv2%2Fmedia&parent=15536"}],"wp:term":[{"taxonomy":"category","embeddable":true,"href":"https:\/\/revistazetta.com\/index.php?rest_route=%2Fwp%2Fv2%2Fcategories&post=15536"},{"taxonomy":"post_tag","embeddable":true,"href":"https:\/\/revistazetta.com\/index.php?rest_route=%2Fwp%2Fv2%2Ftags&post=15536"}],"curies":[{"name":"wp","href":"https:\/\/api.w.org\/{rel}","templated":true}]}}