{"id":15553,"date":"2016-08-30T20:03:02","date_gmt":"2016-08-31T01:03:02","guid":{"rendered":"http:\/\/www.revistazetta.com\/?p=15553"},"modified":"2016-08-31T05:30:52","modified_gmt":"2016-08-31T10:30:52","slug":"gobernacion-brinda-reconocimiento-deportistas-bolivarenses","status":"publish","type":"post","link":"https:\/\/revistazetta.com\/?p=15553","title":{"rendered":"Gobernaci\u00f3n brinda reconocimiento a deportistas bolivarenses"},"content":{"rendered":"<p>En las instalaciones de la Casa de la Moneda (antigua sede de la Secretar\u00eda de Salud Departamental) el gobernador Dumek Turbay Paz se dio cita con la nueva generaci\u00f3n de deportistas bolivarenses que desde ya, han empezado a mostrar importantes triunfos a nivel nacional e internacional. El objetivo del encuentro: ratificarle su respaldo a los asistentes.<\/p>\n<p><img loading=\"lazy\" decoding=\"async\" class=\"alignleft size-medium wp-image-15555\" src=\"https:\/\/www.revistazetta.com\/wp-content\/uploads\/2016\/08\/RD2-300x187.jpg\" alt=\"RD2\" width=\"300\" height=\"187\" srcset=\"https:\/\/revistazetta.com\/wp-content\/uploads\/2016\/08\/RD2-300x187.jpg 300w, https:\/\/revistazetta.com\/wp-content\/uploads\/2016\/08\/RD2-234x146.jpg 234w, https:\/\/revistazetta.com\/wp-content\/uploads\/2016\/08\/RD2-50x31.jpg 50w, https:\/\/revistazetta.com\/wp-content\/uploads\/2016\/08\/RD2-120x75.jpg 120w, https:\/\/revistazetta.com\/wp-content\/uploads\/2016\/08\/RD2.jpg 570w\" sizes=\"auto, (max-width: 300px) 100vw, 300px\" \/> <img loading=\"lazy\" decoding=\"async\" class=\"alignleft size-medium wp-image-15556\" src=\"https:\/\/www.revistazetta.com\/wp-content\/uploads\/2016\/08\/RD3-300x187.jpg\" alt=\"RD3\" width=\"300\" height=\"187\" srcset=\"https:\/\/revistazetta.com\/wp-content\/uploads\/2016\/08\/RD3-300x187.jpg 300w, https:\/\/revistazetta.com\/wp-content\/uploads\/2016\/08\/RD3-234x146.jpg 234w, https:\/\/revistazetta.com\/wp-content\/uploads\/2016\/08\/RD3-50x31.jpg 50w, https:\/\/revistazetta.com\/wp-content\/uploads\/2016\/08\/RD3-120x75.jpg 120w, https:\/\/revistazetta.com\/wp-content\/uploads\/2016\/08\/RD3.jpg 570w\" sizes=\"auto, (max-width: 300px) 100vw, 300px\" \/> <img loading=\"lazy\" decoding=\"async\" class=\"alignleft size-medium wp-image-15557\" src=\"https:\/\/www.revistazetta.com\/wp-content\/uploads\/2016\/08\/RD4-300x187.jpg\" alt=\"RD4\" width=\"300\" height=\"187\" srcset=\"https:\/\/revistazetta.com\/wp-content\/uploads\/2016\/08\/RD4-300x187.jpg 300w, https:\/\/revistazetta.com\/wp-content\/uploads\/2016\/08\/RD4-234x146.jpg 234w, https:\/\/revistazetta.com\/wp-content\/uploads\/2016\/08\/RD4-50x31.jpg 50w, https:\/\/revistazetta.com\/wp-content\/uploads\/2016\/08\/RD4-120x75.jpg 120w, https:\/\/revistazetta.com\/wp-content\/uploads\/2016\/08\/RD4.jpg 570w\" sizes=\"auto, (max-width: 300px) 100vw, 300px\" \/><\/p>\n<p>En el recinto se encontraba la selecci\u00f3n Bol\u00edvar de voleibol categor\u00eda sub 21 y la selecci\u00f3n Bol\u00edvar de baloncesto rama masculina sub 15. Tambi\u00e9n asisti\u00f3 la campeona nacional y panamericana Mercedes P\u00e9rez, quien ocup\u00f3 el 4to lugar en los Juegos Ol\u00edmpicos de R\u00edo 2016, en levantamiento de pesas.<\/p>\n<p>Turbay Paz entreg\u00f3 la bandera del Departamento a las selecciones Bol\u00edvar que nos representar\u00e1n en el Torneo Nacional Masculino \u2013 Categor\u00eda Sub 15, evento que se realizar\u00e1 en el remodelado Coliseo Bernardo Caraballo\u00a0del 2 al 10 de septiembre. Turbay Paz expres\u00f3, \u201ccada vez que un deportista bolivarense triunfa, no podemos sino honrarlo y sentirnos agradecidos con tan magn\u00edfica labor. Por eso hoy rendimos homenaje a nuestros deportistas ol\u00edmpicos y le hacemos entrega de la bandera del Bol\u00edvar s\u00ed Avanza por los triunfos obtenidos en sus competencias\u201d.<\/p>\n<p>El mandatario mientras felicitaba a la selecciones bolivarenses de baloncesto y voleibol que triunfaron en el campeonato nacional realizado recientemente en Cali; reiter\u00f3 su compromiso de cara a los Juegos Nacionales, \u201cCada vez que una delegaci\u00f3n de bol\u00edvar nos represente, siempre estar\u00e9 ah\u00ed brindando mi respaldo. Ratifico nuevamente mi deseo de seguir avanzando sobre esta l\u00ednea de consolidaci\u00f3n de caras a los Juegos Nacionales\u201d, dijo.<\/p>\n<p>Durante la entrega oficial de la bandera departamental, los deportistas resaltaron el respaldo que durante su trayectoria han obtenido por parte del gobierno departamental, \u201cfue una experiencia gratificante haber participado en los Juegos Ol\u00edmpicos de R\u00edo 2016, un sue\u00f1o realizado. Le doy mis m\u00e1s sinceros agradecimientos al gobernador Dumek Turbay\u201d, concluy\u00f3 Mercedes P\u00e9rez.<\/p>\n<p>&nbsp;<\/p>\n","protected":false},"excerpt":{"rendered":"<p>En las instalaciones de la Casa de la Moneda (antigua sede de la Secretar\u00eda de Salud Departamental) el gobernador Dumek Turbay Paz se dio cita con la nueva generaci\u00f3n de deportistas bolivarenses que desde ya, han empezado a mostrar importantes triunfos a nivel nacional e internacional. El objetivo del encuentro: ratificarle su respaldo a los asistentes. En el recinto se encontraba la selecci\u00f3n Bol\u00edvar de voleibol categor\u00eda sub 21 y la selecci\u00f3n Bol\u00edvar de baloncesto rama masculina sub 15. Tambi\u00e9n asisti\u00f3 la campeona nacional y panamericana Mercedes P\u00e9rez, quien ocup\u00f3&#8230; <\/p>\n","protected":false},"author":3,"featured_media":15554,"comment_status":"open","ping_status":"closed","sticky":false,"template":"","format":"standard","meta":{"footnotes":"","_links_to":"","_links_to_target":""},"categories":[2,53,75,91],"tags":[],"class_list":["post-15553","post","type-post","status-publish","format-standard","has-post-thumbnail","hentry","category-actualidad","category-deportes","category-destacada","category-juegos-nacionales"],"_links":{"self":[{"href":"https:\/\/revistazetta.com\/index.php?rest_route=\/wp\/v2\/posts\/15553","targetHints":{"allow":["GET"]}}],"collection":[{"href":"https:\/\/revistazetta.com\/index.php?rest_route=\/wp\/v2\/posts"}],"about":[{"href":"https:\/\/revistazetta.com\/index.php?rest_route=\/wp\/v2\/types\/post"}],"author":[{"embeddable":true,"href":"https:\/\/revistazetta.com\/index.php?rest_route=\/wp\/v2\/users\/3"}],"replies":[{"embeddable":true,"href":"https:\/\/revistazetta.com\/index.php?rest_route=%2Fwp%2Fv2%2Fcomments&post=15553"}],"version-history":[{"count":0,"href":"https:\/\/revistazetta.com\/index.php?rest_route=\/wp\/v2\/posts\/15553\/revisions"}],"wp:featuredmedia":[{"embeddable":true,"href":"https:\/\/revistazetta.com\/index.php?rest_route=\/wp\/v2\/media\/15554"}],"wp:attachment":[{"href":"https:\/\/revistazetta.com\/index.php?rest_route=%2Fwp%2Fv2%2Fmedia&parent=15553"}],"wp:term":[{"taxonomy":"category","embeddable":true,"href":"https:\/\/revistazetta.com\/index.php?rest_route=%2Fwp%2Fv2%2Fcategories&post=15553"},{"taxonomy":"post_tag","embeddable":true,"href":"https:\/\/revistazetta.com\/index.php?rest_route=%2Fwp%2Fv2%2Ftags&post=15553"}],"curies":[{"name":"wp","href":"https:\/\/api.w.org\/{rel}","templated":true}]}}