{"id":15565,"date":"2016-08-30T23:26:52","date_gmt":"2016-08-31T04:26:52","guid":{"rendered":"http:\/\/www.revistazetta.com\/?p=15565"},"modified":"2016-08-30T23:26:52","modified_gmt":"2016-08-31T04:26:52","slug":"ipcc-pide-los-cartageneros-proteger-preservar-patrimonio-la-ciudad","status":"publish","type":"post","link":"https:\/\/revistazetta.com\/?p=15565","title":{"rendered":"IPCC pide a los cartageneros proteger y preservar el patrimonio de la ciudad"},"content":{"rendered":"<p>El Instituto de Patrimonio y Cultura de Cartagena (IPCC), en alianza con la Universidad de Cartagena y la Escuela de Gobierno, realiz\u00f3 el \u2018Primer Panel Sobre Patrimonio y Ciudad\u2019, direccionado al patrimonio material y su protecci\u00f3n.<\/p>\n<p>La conferencia cont\u00f3 con las ponencias de Irina Junieles (Defensora del Pueblo) y Alfonso Cabrera (jefe de Patrimonio del IPCC).<\/p>\n<p><img loading=\"lazy\" decoding=\"async\" class=\"alignleft size-medium wp-image-15566\" src=\"https:\/\/www.revistazetta.com\/wp-content\/uploads\/2016\/08\/PPP-300x187.jpg\" alt=\"PPP\" width=\"300\" height=\"187\" srcset=\"https:\/\/revistazetta.com\/wp-content\/uploads\/2016\/08\/PPP-300x187.jpg 300w, https:\/\/revistazetta.com\/wp-content\/uploads\/2016\/08\/PPP-234x146.jpg 234w, https:\/\/revistazetta.com\/wp-content\/uploads\/2016\/08\/PPP-50x31.jpg 50w, https:\/\/revistazetta.com\/wp-content\/uploads\/2016\/08\/PPP-120x75.jpg 120w, https:\/\/revistazetta.com\/wp-content\/uploads\/2016\/08\/PPP.jpg 570w\" sizes=\"auto, (max-width: 300px) 100vw, 300px\" \/><\/p>\n<p>La directora del IPCC Bertha Luc\u00eda Arnedo destac\u00f3 que este tipo de actividades son una oportunidad para conectarse con Cartagena, ciudad que necesita de los j\u00f3venes estudiantes para que desde la academia impulsen el desarrollo.<\/p>\n<p>\u201cLa ciudadan\u00eda debe tener compromiso hacia la apropiaci\u00f3n del patrimonio, el cartagenero debe asumir como ciudadano la responsabilidad de vivir, proteger y preservar el patrimonio de la ciudad\u201d, puntualiz\u00f3 Bertha Arnedo.<\/p>\n<p>En primera instancia la defensora del pueblo, Irina Junieles, realiz\u00f3 una intervenci\u00f3n enfocada hacia las diferentes problem\u00e1ticas que posee la ciudad, haciendo \u00e9nfasis en la cultural. Resalt\u00f3 adem\u00e1s que a la comunidad cartagenera hay que hacerle un acompa\u00f1amiento para salvaguardar los derechos fundamentales.<\/p>\n<p>Seguidamente, Alfonso Cabrera hizo su intervenci\u00f3n referenciando los peligros y amenazas que vive el patrimonio material e inmaterial de la ciudad, los riesgos que se prev\u00e9n por el cambio clim\u00e1tico y las acciones que deben tomar los organismos competentes y la ciudadan\u00eda en general, para afrontar estas dificultades.<\/p>\n<p>Seg\u00fan Cabrera, en Cartagena a\u00fan no se ha asumido que somos patrimonio hist\u00f3rico y cultural de la humanidad, evidenciando la falta de apropiaci\u00f3n y sentido de pertenencia por parte de la ciudadan\u00eda.<\/p>\n<p>El segundo ciclo se realizar\u00e1 el 14 de septiembre abarcando la tem\u00e1tica \u201cPatrimonio material e identidad \u2013 Fiestas de Independencia\u201d y el tercer ciclo sobre \u201cPatrimonio y Cultura Ciudadana\u201d est\u00e1 pactado para el 12 de octubre.<\/p>\n","protected":false},"excerpt":{"rendered":"<p>El Instituto de Patrimonio y Cultura de Cartagena (IPCC), en alianza con la Universidad de Cartagena y la Escuela de Gobierno, realiz\u00f3 el \u2018Primer Panel Sobre Patrimonio y Ciudad\u2019, direccionado al patrimonio material y su protecci\u00f3n. La conferencia cont\u00f3 con las ponencias de Irina Junieles (Defensora del Pueblo) y Alfonso Cabrera (jefe de Patrimonio del IPCC). La directora del IPCC Bertha Luc\u00eda Arnedo destac\u00f3 que este tipo de actividades son una oportunidad para conectarse con Cartagena, ciudad que necesita de los j\u00f3venes estudiantes para que desde la academia impulsen el&#8230; <\/p>\n","protected":false},"author":3,"featured_media":15568,"comment_status":"open","ping_status":"closed","sticky":false,"template":"","format":"standard","meta":{"footnotes":"","_links_to":"","_links_to_target":""},"categories":[41,85,32],"tags":[],"class_list":["post-15565","post","type-post","status-publish","format-standard","has-post-thumbnail","hentry","category-cultura","category-cartagena","category-actualidad-distrito"],"_links":{"self":[{"href":"https:\/\/revistazetta.com\/index.php?rest_route=\/wp\/v2\/posts\/15565","targetHints":{"allow":["GET"]}}],"collection":[{"href":"https:\/\/revistazetta.com\/index.php?rest_route=\/wp\/v2\/posts"}],"about":[{"href":"https:\/\/revistazetta.com\/index.php?rest_route=\/wp\/v2\/types\/post"}],"author":[{"embeddable":true,"href":"https:\/\/revistazetta.com\/index.php?rest_route=\/wp\/v2\/users\/3"}],"replies":[{"embeddable":true,"href":"https:\/\/revistazetta.com\/index.php?rest_route=%2Fwp%2Fv2%2Fcomments&post=15565"}],"version-history":[{"count":0,"href":"https:\/\/revistazetta.com\/index.php?rest_route=\/wp\/v2\/posts\/15565\/revisions"}],"wp:featuredmedia":[{"embeddable":true,"href":"https:\/\/revistazetta.com\/index.php?rest_route=\/wp\/v2\/media\/15568"}],"wp:attachment":[{"href":"https:\/\/revistazetta.com\/index.php?rest_route=%2Fwp%2Fv2%2Fmedia&parent=15565"}],"wp:term":[{"taxonomy":"category","embeddable":true,"href":"https:\/\/revistazetta.com\/index.php?rest_route=%2Fwp%2Fv2%2Fcategories&post=15565"},{"taxonomy":"post_tag","embeddable":true,"href":"https:\/\/revistazetta.com\/index.php?rest_route=%2Fwp%2Fv2%2Ftags&post=15565"}],"curies":[{"name":"wp","href":"https:\/\/api.w.org\/{rel}","templated":true}]}}