{"id":15569,"date":"2016-08-30T23:43:14","date_gmt":"2016-08-31T04:43:14","guid":{"rendered":"http:\/\/www.revistazetta.com\/?p=15569"},"modified":"2016-08-30T23:44:01","modified_gmt":"2016-08-31T04:44:01","slug":"mas-6-000-beneficiados-operacion-del-centro-atencion-integral-pedro-romero","status":"publish","type":"post","link":"https:\/\/revistazetta.com\/?p=15569","title":{"rendered":"M\u00e1s de 6.000 beneficiados con operaci\u00f3n del Centro de Atenci\u00f3n Integral Pedro Romero"},"content":{"rendered":"<p>Seis mil doscientas catorce personas \u00a0han sido beneficiadas con la operaci\u00f3n del Centro de Atenci\u00f3n Integral Pedro Romero en Ciudad del Bicentenario, gracias al convenio de cooperaci\u00f3n alemana firmado por la Alcald\u00eda de Cartagena, Fundaci\u00f3n Mario Santo Domingo, Sena, Fundaci\u00f3n Caribe y la Confederaci\u00f3n Alemana de Cooperativas.<\/p>\n<p><img loading=\"lazy\" decoding=\"async\" class=\"alignleft size-medium wp-image-15573\" src=\"https:\/\/www.revistazetta.com\/wp-content\/uploads\/2016\/08\/BPR3-300x187.jpg\" alt=\"BPR3\" width=\"300\" height=\"187\" srcset=\"https:\/\/revistazetta.com\/wp-content\/uploads\/2016\/08\/BPR3-300x187.jpg 300w, https:\/\/revistazetta.com\/wp-content\/uploads\/2016\/08\/BPR3-234x146.jpg 234w, https:\/\/revistazetta.com\/wp-content\/uploads\/2016\/08\/BPR3-50x31.jpg 50w, https:\/\/revistazetta.com\/wp-content\/uploads\/2016\/08\/BPR3-120x75.jpg 120w, https:\/\/revistazetta.com\/wp-content\/uploads\/2016\/08\/BPR3.jpg 570w\" sizes=\"auto, (max-width: 300px) 100vw, 300px\" \/> <img loading=\"lazy\" decoding=\"async\" class=\"alignleft size-medium wp-image-15572\" src=\"https:\/\/www.revistazetta.com\/wp-content\/uploads\/2016\/08\/BPR2-300x187.jpg\" alt=\"BPR2\" width=\"300\" height=\"187\" srcset=\"https:\/\/revistazetta.com\/wp-content\/uploads\/2016\/08\/BPR2-300x187.jpg 300w, https:\/\/revistazetta.com\/wp-content\/uploads\/2016\/08\/BPR2-234x146.jpg 234w, https:\/\/revistazetta.com\/wp-content\/uploads\/2016\/08\/BPR2-50x31.jpg 50w, https:\/\/revistazetta.com\/wp-content\/uploads\/2016\/08\/BPR2-120x75.jpg 120w, https:\/\/revistazetta.com\/wp-content\/uploads\/2016\/08\/BPR2.jpg 570w\" sizes=\"auto, (max-width: 300px) 100vw, 300px\" \/> <img loading=\"lazy\" decoding=\"async\" class=\"alignleft size-medium wp-image-15571\" src=\"https:\/\/www.revistazetta.com\/wp-content\/uploads\/2016\/08\/BPR1-300x187.jpg\" alt=\"BPR1\" width=\"300\" height=\"187\" srcset=\"https:\/\/revistazetta.com\/wp-content\/uploads\/2016\/08\/BPR1-300x187.jpg 300w, https:\/\/revistazetta.com\/wp-content\/uploads\/2016\/08\/BPR1-234x146.jpg 234w, https:\/\/revistazetta.com\/wp-content\/uploads\/2016\/08\/BPR1-50x31.jpg 50w, https:\/\/revistazetta.com\/wp-content\/uploads\/2016\/08\/BPR1-120x75.jpg 120w, https:\/\/revistazetta.com\/wp-content\/uploads\/2016\/08\/BPR1.jpg 570w\" sizes=\"auto, (max-width: 300px) 100vw, 300px\" \/><\/p>\n<p>El director del Plan de Emergencia Social Pedro Romero, Javier Lora Jim\u00e9nez, explic\u00f3 que el Centro de Atenci\u00f3n Integral es un escenario creado esencialmente para acercar la oferta social del Distrito, el Gobierno Nacional, la empresa privada y el sector solidario, a la poblaci\u00f3n vulnerable que ha sido beneficiada con viviendas gratuitas en Ciudad del Bicentenario, Villas de Aranjuez y residentes de barrios vecinos, el cual fue puesto en funcionamiento en el mes de abril y a corte del 30 de julio ha beneficiado a 6.214 personas que all\u00ed han recibido servicios.<\/p>\n<p>Asegur\u00f3 que la Alcald\u00eda de Cartagena suscribi\u00f3 con la Confederaci\u00f3n Alemana de Cooperativas DGRV, un convenio por medio del cual ellos aportaron toda la dotaci\u00f3n requerida para brindar capacitaci\u00f3n en formaci\u00f3n titulada por el Sena en las carreras t\u00e9cnicas de Construcci\u00f3n de Edificaciones, Instalaci\u00f3n de Redes El\u00e9ctricas Residenciales y Operarios en Confecci\u00f3n Industrial, dirigidos espec\u00edficamente a la poblaci\u00f3n desplazada o que se encuentran incluidas en el Registro \u00danico de Victimas.<\/p>\n<p>El funcionario manifest\u00f3 que actualmente cada curso cuenta con 35 personas que reciben capacitaci\u00f3n y cuentan con toda la dotaci\u00f3n para realizar su aprendizaje, adem\u00e1s del material requerido y los equipos necesarios para desarrollar las\u00a0 pr\u00e1cticas.<\/p>\n<p>Explic\u00f3 tambi\u00e9n que adem\u00e1s de la formaci\u00f3n t\u00e9cnica titulada, el Centro de Atenci\u00f3n Integral Pedro Romero, es escenario de capacitaci\u00f3n permanente de 25 cursos complementarios certificados tambi\u00e9n por el Sena y espacio de desarrollo de los 10 sub programas del organismo distrital encargado de articular y gestionar la oferta en salud, nutrici\u00f3n, seguridad alimentaria, identificaci\u00f3n, h\u00e1bitat, justicia, din\u00e1mica familiar, apoyo psicosocial, fomento \u00a0y apoyo al emprendimiento, empresarismo, empleabilidad, bancarizaci\u00f3n \u00a0y ahorro para las familias residentes de los sectores mencionados.<\/p>\n","protected":false},"excerpt":{"rendered":"<p>Seis mil doscientas catorce personas \u00a0han sido beneficiadas con la operaci\u00f3n del Centro de Atenci\u00f3n Integral Pedro Romero en Ciudad del Bicentenario, gracias al convenio de cooperaci\u00f3n alemana firmado por la Alcald\u00eda de Cartagena, Fundaci\u00f3n Mario Santo Domingo, Sena, Fundaci\u00f3n Caribe y la Confederaci\u00f3n Alemana de Cooperativas. El director del Plan de Emergencia Social Pedro Romero, Javier Lora Jim\u00e9nez, explic\u00f3 que el Centro de Atenci\u00f3n Integral es un escenario creado esencialmente para acercar la oferta social del Distrito, el Gobierno Nacional, la empresa privada y el sector solidario, a la&#8230; <\/p>\n","protected":false},"author":3,"featured_media":15574,"comment_status":"open","ping_status":"closed","sticky":false,"template":"","format":"standard","meta":{"footnotes":"","_links_to":"","_links_to_target":""},"categories":[2,85,86,32],"tags":[],"class_list":["post-15569","post","type-post","status-publish","format-standard","has-post-thumbnail","hentry","category-actualidad","category-cartagena","category-comunidad","category-actualidad-distrito"],"_links":{"self":[{"href":"https:\/\/revistazetta.com\/index.php?rest_route=\/wp\/v2\/posts\/15569","targetHints":{"allow":["GET"]}}],"collection":[{"href":"https:\/\/revistazetta.com\/index.php?rest_route=\/wp\/v2\/posts"}],"about":[{"href":"https:\/\/revistazetta.com\/index.php?rest_route=\/wp\/v2\/types\/post"}],"author":[{"embeddable":true,"href":"https:\/\/revistazetta.com\/index.php?rest_route=\/wp\/v2\/users\/3"}],"replies":[{"embeddable":true,"href":"https:\/\/revistazetta.com\/index.php?rest_route=%2Fwp%2Fv2%2Fcomments&post=15569"}],"version-history":[{"count":0,"href":"https:\/\/revistazetta.com\/index.php?rest_route=\/wp\/v2\/posts\/15569\/revisions"}],"wp:featuredmedia":[{"embeddable":true,"href":"https:\/\/revistazetta.com\/index.php?rest_route=\/wp\/v2\/media\/15574"}],"wp:attachment":[{"href":"https:\/\/revistazetta.com\/index.php?rest_route=%2Fwp%2Fv2%2Fmedia&parent=15569"}],"wp:term":[{"taxonomy":"category","embeddable":true,"href":"https:\/\/revistazetta.com\/index.php?rest_route=%2Fwp%2Fv2%2Fcategories&post=15569"},{"taxonomy":"post_tag","embeddable":true,"href":"https:\/\/revistazetta.com\/index.php?rest_route=%2Fwp%2Fv2%2Ftags&post=15569"}],"curies":[{"name":"wp","href":"https:\/\/api.w.org\/{rel}","templated":true}]}}