{"id":15575,"date":"2016-08-31T05:12:55","date_gmt":"2016-08-31T10:12:55","guid":{"rendered":"http:\/\/www.revistazetta.com\/?p=15575"},"modified":"2016-08-31T05:18:31","modified_gmt":"2016-08-31T10:18:31","slug":"ninos-visitan-carcel-san-diego-aprender-la-resocializacion-las-internas","status":"publish","type":"post","link":"https:\/\/revistazetta.com\/?p=15575","title":{"rendered":"Ni\u00f1os visitan c\u00e1rcel de San Diego para aprender sobre la resocializaci\u00f3n de las internas"},"content":{"rendered":"<p>Ni\u00f1os y ni\u00f1as\u00a0 que conforman el grupo \u00a0\u2018Semillitas de Libertad\u2019, de la Instituci\u00f3n Educativa Santa Mar\u00eda, sede Sagrado Coraz\u00f3n de Jes\u00fas, realizaron una visita a la c\u00e1rcel distrital de San Diego, con el prop\u00f3sito de\u00a0 conocer\u00a0 el proceso de convivencia de \u00a0las internas.<\/p>\n<p><img loading=\"lazy\" decoding=\"async\" class=\"alignleft size-medium wp-image-15579\" src=\"https:\/\/www.revistazetta.com\/wp-content\/uploads\/2016\/08\/NS1-300x187.jpg\" alt=\"NS1\" width=\"300\" height=\"187\" srcset=\"https:\/\/revistazetta.com\/wp-content\/uploads\/2016\/08\/NS1-300x187.jpg 300w, https:\/\/revistazetta.com\/wp-content\/uploads\/2016\/08\/NS1-234x146.jpg 234w, https:\/\/revistazetta.com\/wp-content\/uploads\/2016\/08\/NS1-50x31.jpg 50w, https:\/\/revistazetta.com\/wp-content\/uploads\/2016\/08\/NS1-120x75.jpg 120w, https:\/\/revistazetta.com\/wp-content\/uploads\/2016\/08\/NS1.jpg 570w\" sizes=\"auto, (max-width: 300px) 100vw, 300px\" \/><\/p>\n<p>La coordinadora acad\u00e9mica de la instituci\u00f3n, Mar\u00eda Sisi Simancas, explic\u00f3 que este proyecto, tiene como objetivo primordial el conocimiento del proceso de resocializaci\u00f3n que adelantan las internas y comprender que pese a que est\u00e1n privadas de la libertad son personas que necesitan mucha solidaridad y una oportunidad\u00a0 para regresar a vivir de mejor manera en sociedad.<\/p>\n<p>\u201cDe verdad que ha sido una experiencia\u00a0 muy importante para nuestros estudiantes, ya que en algunos casos en el colegio hemos encontrado casos de ni\u00f1os que pasan por esta dolorosa experiencia con sus padres y\u00a0 logramos que no exista ning\u00fan tipo de\u00a0 rechazo o discriminaci\u00f3n por parte de sus compa\u00f1eros\u201d, precis\u00f3 la docente.<\/p>\n<p>Las internas del proyecto\u00a0Expo Libertad, una muestra \u00a0fotogr\u00e1fica \u00a0de sitios hist\u00f3ricos de Cartagena, guiaron a los ni\u00f1os en su recorrido, compartiendo con ellos su conocimiento y\u00a0 mostr\u00e1ndoles cada\u00a0 espacio al interior de la reclusi\u00f3n para que miraran c\u00f3mo trabajan sus artesan\u00edas, el desarrollo de su aprendizaje en diferentes \u00e1reas y pudieron conversar con ellas y recibir consejos\u00a0 sobre la importancia de conservar los valores y ser obedientes\u00a0 con sus padres para evitar situaciones como las que ellas viven.<\/p>\n<p>Diana Marcela Beltr\u00e1n Valiente, una de las estudiantes, coment\u00f3 que para ella fue una experiencia muy bonita ya que le ense\u00f1a a cuidarse de no cometer errores pues le tocar\u00eda pagar por ellos y que le cambi\u00f3 su parecer sobre la c\u00e1rcel, pues se lo imaginaba como\u00a0 un sitio horrible y lleno de mujeres groseras y peligrosas.<\/p>\n<p>Bonna Cecilia Blanco, docente de \u00e9tica del Sagrado Coraz\u00f3n de Jes\u00fas y gestora de esta iniciativa, se mostr\u00f3 muy complacida por el resultado de esta visita, que es el inicio de un intercambio de experiencias con los hijos de las internas y de un trabajo de apoyo y solidaridad con las internas desde su instituci\u00f3n, con el respaldo del director Ramiro Cuadro Garc\u00eda.<\/p>\n","protected":false},"excerpt":{"rendered":"<p>Ni\u00f1os y ni\u00f1as\u00a0 que conforman el grupo \u00a0\u2018Semillitas de Libertad\u2019, de la Instituci\u00f3n Educativa Santa Mar\u00eda, sede Sagrado Coraz\u00f3n de Jes\u00fas, realizaron una visita a la c\u00e1rcel distrital de San Diego, con el prop\u00f3sito de\u00a0 conocer\u00a0 el proceso de convivencia de \u00a0las internas. La coordinadora acad\u00e9mica de la instituci\u00f3n, Mar\u00eda Sisi Simancas, explic\u00f3 que este proyecto, tiene como objetivo primordial el conocimiento del proceso de resocializaci\u00f3n que adelantan las internas y comprender que pese a que est\u00e1n privadas de la libertad son personas que necesitan mucha solidaridad y una oportunidad\u00a0&#8230; <\/p>\n","protected":false},"author":3,"featured_media":15582,"comment_status":"open","ping_status":"closed","sticky":false,"template":"","format":"standard","meta":{"footnotes":"","_links_to":"","_links_to_target":""},"categories":[32,85],"tags":[],"class_list":["post-15575","post","type-post","status-publish","format-standard","has-post-thumbnail","hentry","category-actualidad-distrito","category-cartagena"],"_links":{"self":[{"href":"https:\/\/revistazetta.com\/index.php?rest_route=\/wp\/v2\/posts\/15575","targetHints":{"allow":["GET"]}}],"collection":[{"href":"https:\/\/revistazetta.com\/index.php?rest_route=\/wp\/v2\/posts"}],"about":[{"href":"https:\/\/revistazetta.com\/index.php?rest_route=\/wp\/v2\/types\/post"}],"author":[{"embeddable":true,"href":"https:\/\/revistazetta.com\/index.php?rest_route=\/wp\/v2\/users\/3"}],"replies":[{"embeddable":true,"href":"https:\/\/revistazetta.com\/index.php?rest_route=%2Fwp%2Fv2%2Fcomments&post=15575"}],"version-history":[{"count":0,"href":"https:\/\/revistazetta.com\/index.php?rest_route=\/wp\/v2\/posts\/15575\/revisions"}],"wp:featuredmedia":[{"embeddable":true,"href":"https:\/\/revistazetta.com\/index.php?rest_route=\/wp\/v2\/media\/15582"}],"wp:attachment":[{"href":"https:\/\/revistazetta.com\/index.php?rest_route=%2Fwp%2Fv2%2Fmedia&parent=15575"}],"wp:term":[{"taxonomy":"category","embeddable":true,"href":"https:\/\/revistazetta.com\/index.php?rest_route=%2Fwp%2Fv2%2Fcategories&post=15575"},{"taxonomy":"post_tag","embeddable":true,"href":"https:\/\/revistazetta.com\/index.php?rest_route=%2Fwp%2Fv2%2Ftags&post=15575"}],"curies":[{"name":"wp","href":"https:\/\/api.w.org\/{rel}","templated":true}]}}