{"id":15576,"date":"2016-08-31T00:05:28","date_gmt":"2016-08-31T05:05:28","guid":{"rendered":"http:\/\/www.revistazetta.com\/?p=15576"},"modified":"2016-08-31T05:23:01","modified_gmt":"2016-08-31T10:23:01","slug":"no-habra-servicio-tramitacion-expedicion-pasaportes-viernes-2-septiembre","status":"publish","type":"post","link":"https:\/\/revistazetta.com\/?p=15576","title":{"rendered":"No habr\u00e1 servicio de tramitaci\u00f3n y expedici\u00f3n de pasaportes el viernes 2 de septiembre"},"content":{"rendered":"<p>La oficina de tecnolog\u00eda del Ministerio de Relaciones Exteriores, quien tiene\u00a0\u00a0\u00a0 programada la\u00a0 actualizaci\u00f3n del sistema operativo del programa SITAC a nivel regional, no prestar\u00e1 servicio de tramitaci\u00f3n y expedici\u00f3n de pasaportes durante el d\u00eda viernes (2 de septiembre) de la presente semana .<\/p>\n<p>El SITAC es el programa encargado de la plataforma de pasaportes, que permite estar actualizado las bases de datos a nivel mundial, con esta nueva actualizaci\u00f3n se busca implementar la identificaci\u00f3n biom\u00e9trica en el departamento.<\/p>\n<p>La coordinadora de pasaporte, Shirley Montoya expres\u00f3, \u201cesta\u00a0 actualizaci\u00f3n del hardware\u00a0<em>y<\/em><em>\u00a0<\/em>software del programa SITAC, es requerida para garantizar un \u00f3ptimo funcionamiento de los servicios tecnol\u00f3gicos que ofrecemos y para implementar el servicio de identificaci\u00f3n biom\u00e9trica\u201d.<\/p>\n","protected":false},"excerpt":{"rendered":"<p>La oficina de tecnolog\u00eda del Ministerio de Relaciones Exteriores, quien tiene\u00a0\u00a0\u00a0 programada la\u00a0 actualizaci\u00f3n del sistema operativo del programa SITAC a nivel regional, no prestar\u00e1 servicio de tramitaci\u00f3n y expedici\u00f3n de pasaportes durante el d\u00eda viernes (2 de septiembre) de la presente semana . El SITAC es el programa encargado de la plataforma de pasaportes, que permite estar actualizado las bases de datos a nivel mundial, con esta nueva actualizaci\u00f3n se busca implementar la identificaci\u00f3n biom\u00e9trica en el departamento. La coordinadora de pasaporte, Shirley Montoya expres\u00f3, \u201cesta\u00a0 actualizaci\u00f3n del hardware\u00a0y\u00a0software&#8230; <\/p>\n","protected":false},"author":3,"featured_media":0,"comment_status":"open","ping_status":"closed","sticky":false,"template":"","format":"standard","meta":{"footnotes":"","_links_to":"","_links_to_target":""},"categories":[2,33],"tags":[],"class_list":["post-15576","post","type-post","status-publish","format-standard","hentry","category-actualidad","category-actualidad-bolivar"],"_links":{"self":[{"href":"https:\/\/revistazetta.com\/index.php?rest_route=\/wp\/v2\/posts\/15576","targetHints":{"allow":["GET"]}}],"collection":[{"href":"https:\/\/revistazetta.com\/index.php?rest_route=\/wp\/v2\/posts"}],"about":[{"href":"https:\/\/revistazetta.com\/index.php?rest_route=\/wp\/v2\/types\/post"}],"author":[{"embeddable":true,"href":"https:\/\/revistazetta.com\/index.php?rest_route=\/wp\/v2\/users\/3"}],"replies":[{"embeddable":true,"href":"https:\/\/revistazetta.com\/index.php?rest_route=%2Fwp%2Fv2%2Fcomments&post=15576"}],"version-history":[{"count":0,"href":"https:\/\/revistazetta.com\/index.php?rest_route=\/wp\/v2\/posts\/15576\/revisions"}],"wp:attachment":[{"href":"https:\/\/revistazetta.com\/index.php?rest_route=%2Fwp%2Fv2%2Fmedia&parent=15576"}],"wp:term":[{"taxonomy":"category","embeddable":true,"href":"https:\/\/revistazetta.com\/index.php?rest_route=%2Fwp%2Fv2%2Fcategories&post=15576"},{"taxonomy":"post_tag","embeddable":true,"href":"https:\/\/revistazetta.com\/index.php?rest_route=%2Fwp%2Fv2%2Ftags&post=15576"}],"curies":[{"name":"wp","href":"https:\/\/api.w.org\/{rel}","templated":true}]}}