{"id":15577,"date":"2016-08-31T05:09:04","date_gmt":"2016-08-31T10:09:04","guid":{"rendered":"http:\/\/www.revistazetta.com\/?p=15577"},"modified":"2016-08-31T05:09:04","modified_gmt":"2016-08-31T10:09:04","slug":"octubre-colombiaton-tendra-casa-ludica","status":"publish","type":"post","link":"https:\/\/revistazetta.com\/?p=15577","title":{"rendered":"En octubre Colombiat\u00f3n tendr\u00e1 casa l\u00fadica"},"content":{"rendered":"<p>La viceministra de Relaciones Exteriores, Patti Londo\u00f1o y la Gestora Social del Distrito, Viviana S\u00e1nchez de Duque, realizaron este martes una visita de inspecci\u00f3n a la obra de construcci\u00f3n de la casa l\u00fadica en el barrio Colombiat\u00f3n, que ser\u00e1 inaugurada en el mes de octubre, seg\u00fan se inform\u00f3 al t\u00e9rmino del recorrido.<\/p>\n<p><img loading=\"lazy\" decoding=\"async\" class=\"alignleft size-medium wp-image-15578\" src=\"https:\/\/www.revistazetta.com\/wp-content\/uploads\/2016\/08\/CL1-300x187.jpg\" alt=\"CL1\" width=\"300\" height=\"187\" srcset=\"https:\/\/revistazetta.com\/wp-content\/uploads\/2016\/08\/CL1-300x187.jpg 300w, https:\/\/revistazetta.com\/wp-content\/uploads\/2016\/08\/CL1-234x146.jpg 234w, https:\/\/revistazetta.com\/wp-content\/uploads\/2016\/08\/CL1-50x31.jpg 50w, https:\/\/revistazetta.com\/wp-content\/uploads\/2016\/08\/CL1-120x75.jpg 120w, https:\/\/revistazetta.com\/wp-content\/uploads\/2016\/08\/CL1.jpg 570w\" sizes=\"auto, (max-width: 300px) 100vw, 300px\" \/><\/p>\n<p>La Viceministra a su llegada a Colombiat\u00f3n asegur\u00f3: \u201clo que queremos es un espacio de protecci\u00f3n para los ni\u00f1os, en donde los j\u00f3venes y adolescentes puedan reforzar sus conocimientos, donde puedan hacer actividades l\u00fadicas como la m\u00fasica, la pintura, la danza\u201d.<\/p>\n<p>Por su parte la Gestora Social, \u00a0agradeci\u00f3 a la Canciller\u00eda por poner su mirada en Cartagena, especialmente en el sector de Colombiat\u00f3n y ratific\u00f3 que el gobierno de Primero la Gente se encuentra comprometido con la educaci\u00f3n de los peque\u00f1os para lo cual se requiere contar con aliados estrat\u00e9gicos para brindar atenci\u00f3n de calidad \u00a0a los ni\u00f1os y adolescentes que asistan a la casa.<\/p>\n<p>La casa l\u00fadica, es creada para el \u00a0fortalecimiento de los estudiantes despu\u00e9s de la jornada escolar, contar\u00e1 con un sal\u00f3n de computadores, biblioteca, sala m\u00faltiple para m\u00fasica, teatro, y pintura, adem\u00e1s de zona de juegos y deportiva. El objetivo es que los padres de familia sepan que los ni\u00f1os est\u00e1n protegidos mientras ellos trabajan.<\/p>\n<p>La comunidad expres\u00f3 su agrado al saber que en pocas semanas este espacio ser\u00e1 una realidad. As\u00ed lo manifest\u00f3 Laudi Marim\u00f3n, habitante de la zona. \u201cEstoy muy contenta pues se trata de recuperar nuestros ni\u00f1os que son el futuro. Los ni\u00f1os van a estar m\u00e1s ocupados, ya los pap\u00e1s no se van a preocupar por saber en d\u00f3nde est\u00e1n sus hijos, sino que est\u00e1n haciendo algo productivo\u201d.<\/p>\n","protected":false},"excerpt":{"rendered":"<p>La viceministra de Relaciones Exteriores, Patti Londo\u00f1o y la Gestora Social del Distrito, Viviana S\u00e1nchez de Duque, realizaron este martes una visita de inspecci\u00f3n a la obra de construcci\u00f3n de la casa l\u00fadica en el barrio Colombiat\u00f3n, que ser\u00e1 inaugurada en el mes de octubre, seg\u00fan se inform\u00f3 al t\u00e9rmino del recorrido. La Viceministra a su llegada a Colombiat\u00f3n asegur\u00f3: \u201clo que queremos es un espacio de protecci\u00f3n para los ni\u00f1os, en donde los j\u00f3venes y adolescentes puedan reforzar sus conocimientos, donde puedan hacer actividades l\u00fadicas como la m\u00fasica, la&#8230; <\/p>\n","protected":false},"author":3,"featured_media":15580,"comment_status":"open","ping_status":"closed","sticky":false,"template":"","format":"standard","meta":{"footnotes":"","_links_to":"","_links_to_target":""},"categories":[2,85,86,32],"tags":[],"class_list":["post-15577","post","type-post","status-publish","format-standard","has-post-thumbnail","hentry","category-actualidad","category-cartagena","category-comunidad","category-actualidad-distrito"],"_links":{"self":[{"href":"https:\/\/revistazetta.com\/index.php?rest_route=\/wp\/v2\/posts\/15577","targetHints":{"allow":["GET"]}}],"collection":[{"href":"https:\/\/revistazetta.com\/index.php?rest_route=\/wp\/v2\/posts"}],"about":[{"href":"https:\/\/revistazetta.com\/index.php?rest_route=\/wp\/v2\/types\/post"}],"author":[{"embeddable":true,"href":"https:\/\/revistazetta.com\/index.php?rest_route=\/wp\/v2\/users\/3"}],"replies":[{"embeddable":true,"href":"https:\/\/revistazetta.com\/index.php?rest_route=%2Fwp%2Fv2%2Fcomments&post=15577"}],"version-history":[{"count":0,"href":"https:\/\/revistazetta.com\/index.php?rest_route=\/wp\/v2\/posts\/15577\/revisions"}],"wp:featuredmedia":[{"embeddable":true,"href":"https:\/\/revistazetta.com\/index.php?rest_route=\/wp\/v2\/media\/15580"}],"wp:attachment":[{"href":"https:\/\/revistazetta.com\/index.php?rest_route=%2Fwp%2Fv2%2Fmedia&parent=15577"}],"wp:term":[{"taxonomy":"category","embeddable":true,"href":"https:\/\/revistazetta.com\/index.php?rest_route=%2Fwp%2Fv2%2Fcategories&post=15577"},{"taxonomy":"post_tag","embeddable":true,"href":"https:\/\/revistazetta.com\/index.php?rest_route=%2Fwp%2Fv2%2Ftags&post=15577"}],"curies":[{"name":"wp","href":"https:\/\/api.w.org\/{rel}","templated":true}]}}