{"id":15587,"date":"2016-08-31T05:26:05","date_gmt":"2016-08-31T10:26:05","guid":{"rendered":"http:\/\/www.revistazetta.com\/?p=15587"},"modified":"2016-08-31T05:28:47","modified_gmt":"2016-08-31T10:28:47","slug":"madres-nuevos-conceptos-amamantar-hijos","status":"publish","type":"post","link":"https:\/\/revistazetta.com\/?p=15587","title":{"rendered":"Madres con nuevos conceptos sobre amamantar a sus hijos"},"content":{"rendered":"<p>Al cierre de la celebraci\u00f3n del mes de la Lactancia Materna, el Dadis organiz\u00f3 como \u00faltimo evento una marcha donde participaron masivamente las madres con sus hijos de brazos como muestra de que gracias a las diferentes actividades, charlas y capacitaciones \u00a0las madres lactantes cumplir\u00e1n el compromiso con sus hijos de amamantarlos ininterrumpidamente durante los primeros seis meses de vida.<br \/>\n<img loading=\"lazy\" decoding=\"async\" class=\"alignleft size-medium wp-image-15583\" src=\"https:\/\/www.revistazetta.com\/wp-content\/uploads\/2016\/08\/SLM-300x187.jpg\" alt=\"SLM\" width=\"300\" height=\"187\" srcset=\"https:\/\/revistazetta.com\/wp-content\/uploads\/2016\/08\/SLM-300x187.jpg 300w, https:\/\/revistazetta.com\/wp-content\/uploads\/2016\/08\/SLM-234x146.jpg 234w, https:\/\/revistazetta.com\/wp-content\/uploads\/2016\/08\/SLM-50x31.jpg 50w, https:\/\/revistazetta.com\/wp-content\/uploads\/2016\/08\/SLM-120x75.jpg 120w, https:\/\/revistazetta.com\/wp-content\/uploads\/2016\/08\/SLM.jpg 570w\" sizes=\"auto, (max-width: 300px) 100vw, 300px\" \/><br \/>\nDurante el mes de agosto se logr\u00f3 congregar a muchas madres para que conocieran los beneficios que tiene el lactar a sus hijos desde que nace y en los primeros meses de vida \u00a0y luego continuar con alimentaci\u00f3n complementaria, sin dejar de amamantarlos.<\/p>\n<p>\u201cHemos tomado conciencia, porque muchas no sab\u00edamos lo importante y beneficioso que era darle la teta a nuestros hijos y por eso los apart\u00e1bamos muchas veces de \u00a0nuestro lado desde el momento de nacer\u201d, dijo una de la madres con los ojos fulgurantes por la satisfacci\u00f3n de haber aprendido los nuevos conocimientos.<\/p>\n<p>La costumbre de las madres cartageneras era dejar de amamantar a sus hijos por diferentes prejuicios que gracias al Departamento Administrativo Distrital de Salud, Dadis, quedaron en el pasado y que con las actividades de sensibilizaci\u00f3n concientizaron a esas madres que ten\u00edan \u00a0los conceptos errados, sostuvo Silvia Lara funcionaria del Dadis.<\/p>\n<p>Las actividades fueron desarrolladas con el apoyo de la Fundaci\u00f3n Gran Colombia, \u00a0Fundes y cont\u00f3 con el apoyo de las madres comunitarias, madres FAMI, docentes y un buen n\u00famero de madres en estado lactantes de la ciudad y los corregimientos.<\/p>\n","protected":false},"excerpt":{"rendered":"<p>Al cierre de la celebraci\u00f3n del mes de la Lactancia Materna, el Dadis organiz\u00f3 como \u00faltimo evento una marcha donde participaron masivamente las madres con sus hijos de brazos como muestra de que gracias a las diferentes actividades, charlas y capacitaciones \u00a0las madres lactantes cumplir\u00e1n el compromiso con sus hijos de amamantarlos ininterrumpidamente durante los primeros seis meses de vida. Durante el mes de agosto se logr\u00f3 congregar a muchas madres para que conocieran los beneficios que tiene el lactar a sus hijos desde que nace y en los primeros&#8230; <\/p>\n","protected":false},"author":3,"featured_media":15584,"comment_status":"open","ping_status":"closed","sticky":false,"template":"","format":"standard","meta":{"footnotes":"","_links_to":"","_links_to_target":""},"categories":[85,32],"tags":[],"class_list":["post-15587","post","type-post","status-publish","format-standard","has-post-thumbnail","hentry","category-cartagena","category-actualidad-distrito"],"_links":{"self":[{"href":"https:\/\/revistazetta.com\/index.php?rest_route=\/wp\/v2\/posts\/15587","targetHints":{"allow":["GET"]}}],"collection":[{"href":"https:\/\/revistazetta.com\/index.php?rest_route=\/wp\/v2\/posts"}],"about":[{"href":"https:\/\/revistazetta.com\/index.php?rest_route=\/wp\/v2\/types\/post"}],"author":[{"embeddable":true,"href":"https:\/\/revistazetta.com\/index.php?rest_route=\/wp\/v2\/users\/3"}],"replies":[{"embeddable":true,"href":"https:\/\/revistazetta.com\/index.php?rest_route=%2Fwp%2Fv2%2Fcomments&post=15587"}],"version-history":[{"count":0,"href":"https:\/\/revistazetta.com\/index.php?rest_route=\/wp\/v2\/posts\/15587\/revisions"}],"wp:featuredmedia":[{"embeddable":true,"href":"https:\/\/revistazetta.com\/index.php?rest_route=\/wp\/v2\/media\/15584"}],"wp:attachment":[{"href":"https:\/\/revistazetta.com\/index.php?rest_route=%2Fwp%2Fv2%2Fmedia&parent=15587"}],"wp:term":[{"taxonomy":"category","embeddable":true,"href":"https:\/\/revistazetta.com\/index.php?rest_route=%2Fwp%2Fv2%2Fcategories&post=15587"},{"taxonomy":"post_tag","embeddable":true,"href":"https:\/\/revistazetta.com\/index.php?rest_route=%2Fwp%2Fv2%2Ftags&post=15587"}],"curies":[{"name":"wp","href":"https:\/\/api.w.org\/{rel}","templated":true}]}}