{"id":15591,"date":"2016-08-31T15:53:00","date_gmt":"2016-08-31T20:53:00","guid":{"rendered":"http:\/\/www.revistazetta.com\/?p=15591"},"modified":"2016-08-31T15:53:00","modified_gmt":"2016-08-31T20:53:00","slug":"jornada-gratuita-conciliacion-camcartagena","status":"publish","type":"post","link":"https:\/\/revistazetta.com\/?p=15591","title":{"rendered":"Jornada gratuita de conciliaci\u00f3n en Camcartagena"},"content":{"rendered":"<p>Problemas con los vecinos, deudas, arriendos sin cancelar o padres que no responden por la cuota alimentaria de sus hijos, uniones maritales de hecho, son algunos de los casos que los ciudadanos de estratos 1, 2 y 3 de Cartagena podr\u00e1n resolver en la vig\u00e9simo septima Jornada Gratuita de Conciliaci\u00f3n que organiza  el Centro de Arbitraje y Conciliaci\u00f3n de la C\u00e1mara de Comercio de Cartagena.<\/p>\n<p>Seg\u00fan Julia Eva Pretelt, directora de Servicios Registrales y C.A.C, el objetivo de la jornada gratuita es \u201cdonar los servicios de conciliaci\u00f3n a la ciudadan\u00eda cartagenera de estratos 1, 2 y 3 para que solucionen en forma voluntaria sus conflictos civiles, comerciales y de familia que no superen la cuant\u00eda de 40 millones de pesos, con la ayuda de un conciliador experto y especializado en el tema\u201d<\/p>\n<p>El proceso de conciliaci\u00f3n consiste en que las dos partes de un conflicto con la ayuda de un tercero conciliador buscan llegar a un acuerdo y as\u00ed sacar adelante la situaci\u00f3n que los aqueja.<\/p>\n<p>Para inscribir su caso, la ciudadan\u00eda tendr\u00e1 a su disposici\u00f3n formularios gratuitos en las sedes de la C\u00e1mara de Comercio, en el Centro y Ronda Real, los cuales deben ser diligenciados y entregados  en las instalaciones del Centro de Arbitraje y Conciliaci\u00f3n de la entidad hasta el 30 de septiembre de este a\u00f1o o hasta agotar el cupo l\u00edmite de 100 solicitudes, el evento que suceda primero.  Tambi\u00e9n podr\u00e1n ser descargardos en la p\u00e1gina www.ccartagena.org.co.<\/p>\n<p>La jornada de conciliaci\u00f3n se llevar\u00e1 a cabo el 25 y 26 de octubre en un horario de 8 AM a 12 PM y de 2 PM a 5 PM, en la sede centro, Sal\u00f3n Daniel Lemaitre de la C\u00e1mara de Comercio de Cartagena.<\/p>\n","protected":false},"excerpt":{"rendered":"<p>Problemas con los vecinos, deudas, arriendos sin cancelar o padres que no responden por la cuota alimentaria de sus hijos, uniones maritales de hecho, son algunos de los casos que los ciudadanos de estratos 1, 2 y 3 de Cartagena podr\u00e1n resolver en la vig\u00e9simo septima Jornada Gratuita de Conciliaci\u00f3n que organiza el Centro de Arbitraje y Conciliaci\u00f3n de la C\u00e1mara de Comercio de Cartagena. Seg\u00fan Julia Eva Pretelt, directora de Servicios Registrales y C.A.C, el objetivo de la jornada gratuita es \u201cdonar los servicios de conciliaci\u00f3n a la ciudadan\u00eda&#8230; <\/p>\n","protected":false},"author":3,"featured_media":15592,"comment_status":"open","ping_status":"closed","sticky":false,"template":"","format":"standard","meta":{"footnotes":"","_links_to":"","_links_to_target":""},"categories":[2,81,3],"tags":[],"class_list":["post-15591","post","type-post","status-publish","format-standard","has-post-thumbnail","hentry","category-actualidad","category-camara","category-ciudad"],"_links":{"self":[{"href":"https:\/\/revistazetta.com\/index.php?rest_route=\/wp\/v2\/posts\/15591","targetHints":{"allow":["GET"]}}],"collection":[{"href":"https:\/\/revistazetta.com\/index.php?rest_route=\/wp\/v2\/posts"}],"about":[{"href":"https:\/\/revistazetta.com\/index.php?rest_route=\/wp\/v2\/types\/post"}],"author":[{"embeddable":true,"href":"https:\/\/revistazetta.com\/index.php?rest_route=\/wp\/v2\/users\/3"}],"replies":[{"embeddable":true,"href":"https:\/\/revistazetta.com\/index.php?rest_route=%2Fwp%2Fv2%2Fcomments&post=15591"}],"version-history":[{"count":0,"href":"https:\/\/revistazetta.com\/index.php?rest_route=\/wp\/v2\/posts\/15591\/revisions"}],"wp:featuredmedia":[{"embeddable":true,"href":"https:\/\/revistazetta.com\/index.php?rest_route=\/wp\/v2\/media\/15592"}],"wp:attachment":[{"href":"https:\/\/revistazetta.com\/index.php?rest_route=%2Fwp%2Fv2%2Fmedia&parent=15591"}],"wp:term":[{"taxonomy":"category","embeddable":true,"href":"https:\/\/revistazetta.com\/index.php?rest_route=%2Fwp%2Fv2%2Fcategories&post=15591"},{"taxonomy":"post_tag","embeddable":true,"href":"https:\/\/revistazetta.com\/index.php?rest_route=%2Fwp%2Fv2%2Ftags&post=15591"}],"curies":[{"name":"wp","href":"https:\/\/api.w.org\/{rel}","templated":true}]}}