{"id":15606,"date":"2016-08-31T17:19:08","date_gmt":"2016-08-31T22:19:08","guid":{"rendered":"http:\/\/www.revistazetta.com\/?p=15606"},"modified":"2016-08-31T17:19:08","modified_gmt":"2016-08-31T22:19:08","slug":"se-amplia-plazo-convocatoria-estimulos-construyamos-juntos","status":"publish","type":"post","link":"https:\/\/revistazetta.com\/?p=15606","title":{"rendered":"Se ampl\u00eda plazo de convocatoria de est\u00edmulos \u2018Construyamos juntos\u2019"},"content":{"rendered":"<p>El Instituto de Patrimonio y Cultura de Cartagena (IPCC) ampli\u00f3 el plazo de la convocatoria de est\u00edmulos \u2018Construyamos juntos\u2019, hasta el 9 de septiembre por sugerencia de actores del sector cultural. La comunidad hizo un llamado de sensibilizaci\u00f3n para que se d\u00e9 una nueva oportunidad para presentaci\u00f3n de sus proyectos culturales a todos aquellos interesados que no pudieron hacerlo por diversas razones.<\/p>\n<p>El fin \u00faltimo de esta decisi\u00f3n es darle una participaci\u00f3n m\u00e1s amplia al pueblo cartagenero que quiera unirse profesando con ello la igualdad, justicia social, inclusi\u00f3n y solidaridad.<br \/>\nEl IPCC, en cumplimiento de su misi\u00f3n y programa \u2018Cartagena, escenario natural para el arte, la cultura y el patrimonio\u2019, abri\u00f3 la convocatoria por un monto de $250 millones repartidos en 21 est\u00edmulos en las \u00e1reas de creaci\u00f3n, formaci\u00f3n, circulaci\u00f3n e investigaci\u00f3n art\u00edstica y cultural, tal como lo establece el Estado a trav\u00e9s de las normas que regulan todo lo relacionado con la cultura.<\/p>\n<p>\u2018Construyamos juntos\u2019  busca fortalecer la industria cultural y creativa, descentralizar la oferta, beneficiar las diversas poblaciones y expresiones art\u00edsticas, fomentar el uso y apropiaci\u00f3n de los escenarios de las bibliotecas p\u00fablicas del Distrito por parte de la comunidad, la preservaci\u00f3n del patrimonio material e inmaterial y la divulgaci\u00f3n del mismo, consolidar circuitos que propendan por la formaci\u00f3n de p\u00fablicos y accesibilidad de los cartageneros a una agenda cultural de ciudad.<\/p>\n<p>En 2016, el IPCC ha abierto ocho procesos de convocatorias por valor de m\u00e1s de mil millones de pesos para apoyar actividades culturales, proyectos concertados, premiar la creaci\u00f3n y la formaci\u00f3n art\u00edstica beneficiando a 93 j\u00f3venes para estudiar carreras profesionales.<\/p>\n<p>Las propuestas ser\u00e1n recibidas en la Oficina de Correspondencia del Instituto de Patrimonio y Cultura de Cartagena, ubicado en el Centro, Barrio Getseman\u00ed Calle Larga N\u00b0 9 A-47,  Tel\u00e9fono 6645361- 6649443. Los horarios de atenci\u00f3n son de 8:00 am a 12:00 pm y de 2:00 pm a 5:00 pm. Las propuestas no podr\u00e1n ser presentadas por fuera de los horarios indicados, por ning\u00fan motivo.<\/p>\n<p>Para mayor informaci\u00f3n sobre la convocatoria ingresar al siguiente link<\/p>\n<p><a href=\"https:\/\/www.ipcc.gov.co\/index.php\/2012-05-04-13-41-54\/convocatorias\/item\/1738-convocatoria-estimulos-construyamos-juntos-2016\" target=\"_blank\" rel=\"noopener\">https:\/\/www.ipcc.gov.co\/index.php\/2012-05-04-13-41-54\/convocatorias\/item\/1738-convocatoria-estimulos-construyamos-juntos-2016<\/a><\/p>\n","protected":false},"excerpt":{"rendered":"<p>El Instituto de Patrimonio y Cultura de Cartagena (IPCC) ampli\u00f3 el plazo de la convocatoria de est\u00edmulos \u2018Construyamos juntos\u2019, hasta el 9 de septiembre por sugerencia de actores del sector cultural. La comunidad hizo un llamado de sensibilizaci\u00f3n para que se d\u00e9 una nueva oportunidad para presentaci\u00f3n de sus proyectos culturales a todos aquellos interesados que no pudieron hacerlo por diversas razones. El fin \u00faltimo de esta decisi\u00f3n es darle una participaci\u00f3n m\u00e1s amplia al pueblo cartagenero que quiera unirse profesando con ello la igualdad, justicia social, inclusi\u00f3n y solidaridad&#8230;. <\/p>\n","protected":false},"author":3,"featured_media":15608,"comment_status":"open","ping_status":"closed","sticky":false,"template":"","format":"standard","meta":{"footnotes":"","_links_to":"","_links_to_target":""},"categories":[2,41],"tags":[],"class_list":["post-15606","post","type-post","status-publish","format-standard","has-post-thumbnail","hentry","category-actualidad","category-cultura"],"_links":{"self":[{"href":"https:\/\/revistazetta.com\/index.php?rest_route=\/wp\/v2\/posts\/15606","targetHints":{"allow":["GET"]}}],"collection":[{"href":"https:\/\/revistazetta.com\/index.php?rest_route=\/wp\/v2\/posts"}],"about":[{"href":"https:\/\/revistazetta.com\/index.php?rest_route=\/wp\/v2\/types\/post"}],"author":[{"embeddable":true,"href":"https:\/\/revistazetta.com\/index.php?rest_route=\/wp\/v2\/users\/3"}],"replies":[{"embeddable":true,"href":"https:\/\/revistazetta.com\/index.php?rest_route=%2Fwp%2Fv2%2Fcomments&post=15606"}],"version-history":[{"count":0,"href":"https:\/\/revistazetta.com\/index.php?rest_route=\/wp\/v2\/posts\/15606\/revisions"}],"wp:featuredmedia":[{"embeddable":true,"href":"https:\/\/revistazetta.com\/index.php?rest_route=\/wp\/v2\/media\/15608"}],"wp:attachment":[{"href":"https:\/\/revistazetta.com\/index.php?rest_route=%2Fwp%2Fv2%2Fmedia&parent=15606"}],"wp:term":[{"taxonomy":"category","embeddable":true,"href":"https:\/\/revistazetta.com\/index.php?rest_route=%2Fwp%2Fv2%2Fcategories&post=15606"},{"taxonomy":"post_tag","embeddable":true,"href":"https:\/\/revistazetta.com\/index.php?rest_route=%2Fwp%2Fv2%2Ftags&post=15606"}],"curies":[{"name":"wp","href":"https:\/\/api.w.org\/{rel}","templated":true}]}}