{"id":15610,"date":"2016-08-31T17:47:46","date_gmt":"2016-08-31T22:47:46","guid":{"rendered":"http:\/\/www.revistazetta.com\/?p=15610"},"modified":"2016-08-31T17:47:46","modified_gmt":"2016-08-31T22:47:46","slug":"mas-familias-accion-llega-los-corregimientos-busca-madres-padres-lideres","status":"publish","type":"post","link":"https:\/\/revistazetta.com\/?p=15610","title":{"rendered":"M\u00e1s Familias en Acci\u00f3n llega a los corregimientos en busca de madres y padres l\u00edderes"},"content":{"rendered":"<p>M\u00e1s Familias en Acci\u00f3n se trasladan a los corregimientos de Cartagena, con el fin de realizar una convocatoria amplia en busca madres y\/o padres l\u00edderes y al mismo tiempo actualizar los datos de los beneficiarios del programa y realizar novedades, actualizaci\u00f3n escolar, actualizaci\u00f3n de IPS y resolver inquietudes varias.<\/p>\n<p><img loading=\"lazy\" decoding=\"async\" src=\"https:\/\/www.revistazetta.com\/wp-content\/uploads\/2016\/08\/PML2-300x187.jpg\" alt=\"PML2\" width=\"300\" height=\"187\" class=\"alignleft size-medium wp-image-15612\" srcset=\"https:\/\/revistazetta.com\/wp-content\/uploads\/2016\/08\/PML2-300x187.jpg 300w, https:\/\/revistazetta.com\/wp-content\/uploads\/2016\/08\/PML2-234x146.jpg 234w, https:\/\/revistazetta.com\/wp-content\/uploads\/2016\/08\/PML2-50x31.jpg 50w, https:\/\/revistazetta.com\/wp-content\/uploads\/2016\/08\/PML2-120x75.jpg 120w, https:\/\/revistazetta.com\/wp-content\/uploads\/2016\/08\/PML2.jpg 570w\" sizes=\"auto, (max-width: 300px) 100vw, 300px\" \/><\/p>\n<p>El cronograma para esta caravana es el siguiente:<\/p>\n<p><strong>1\u00b0 de septiembre, Bayunca, Casa de la Cultura<br \/>\n6 de Septiembre, Arroyo de Piedra, al lado del Centro de Salud,<br \/>\nArroyo Grande, Consejo Comunal.<br \/>\nVereda Europa, Puerto Rey, Punta Canoa, Tierra Baja y Arroyo de las Canoas.<br \/>\n9 de septiembre, Tierra Bomba, y Ca\u00f1o del Oro, el 9 de septiembre; lugar de concentraci\u00f3n por definir.<br \/>\n13 de septiembre, Punta Arena, lugar de concentraci\u00f3n por definir.<br \/>\n <\/strong><br \/>\nLas pre Asambleas son un requisito del Departamento de Prosperidad Scial (DPS) y se realizan cada dos a\u00f1os, con el fin que cada barrio, vereda o corregimiento tenga su representante ante el programa M\u00e1s Familias en Acci\u00f3n.<\/p>\n","protected":false},"excerpt":{"rendered":"<p>M\u00e1s Familias en Acci\u00f3n se trasladan a los corregimientos de Cartagena, con el fin de realizar una convocatoria amplia en busca madres y\/o padres l\u00edderes y al mismo tiempo actualizar los datos de los beneficiarios del programa y realizar novedades, actualizaci\u00f3n escolar, actualizaci\u00f3n de IPS y resolver inquietudes varias. El cronograma para esta caravana es el siguiente: 1\u00b0 de septiembre, Bayunca, Casa de la Cultura 6 de Septiembre, Arroyo de Piedra, al lado del Centro de Salud, Arroyo Grande, Consejo Comunal. Vereda Europa, Puerto Rey, Punta Canoa, Tierra Baja y&#8230; <\/p>\n","protected":false},"author":3,"featured_media":15611,"comment_status":"open","ping_status":"closed","sticky":false,"template":"","format":"standard","meta":{"footnotes":"","_links_to":"","_links_to_target":""},"categories":[32,86],"tags":[],"class_list":["post-15610","post","type-post","status-publish","format-standard","has-post-thumbnail","hentry","category-actualidad-distrito","category-comunidad"],"_links":{"self":[{"href":"https:\/\/revistazetta.com\/index.php?rest_route=\/wp\/v2\/posts\/15610","targetHints":{"allow":["GET"]}}],"collection":[{"href":"https:\/\/revistazetta.com\/index.php?rest_route=\/wp\/v2\/posts"}],"about":[{"href":"https:\/\/revistazetta.com\/index.php?rest_route=\/wp\/v2\/types\/post"}],"author":[{"embeddable":true,"href":"https:\/\/revistazetta.com\/index.php?rest_route=\/wp\/v2\/users\/3"}],"replies":[{"embeddable":true,"href":"https:\/\/revistazetta.com\/index.php?rest_route=%2Fwp%2Fv2%2Fcomments&post=15610"}],"version-history":[{"count":0,"href":"https:\/\/revistazetta.com\/index.php?rest_route=\/wp\/v2\/posts\/15610\/revisions"}],"wp:featuredmedia":[{"embeddable":true,"href":"https:\/\/revistazetta.com\/index.php?rest_route=\/wp\/v2\/media\/15611"}],"wp:attachment":[{"href":"https:\/\/revistazetta.com\/index.php?rest_route=%2Fwp%2Fv2%2Fmedia&parent=15610"}],"wp:term":[{"taxonomy":"category","embeddable":true,"href":"https:\/\/revistazetta.com\/index.php?rest_route=%2Fwp%2Fv2%2Fcategories&post=15610"},{"taxonomy":"post_tag","embeddable":true,"href":"https:\/\/revistazetta.com\/index.php?rest_route=%2Fwp%2Fv2%2Ftags&post=15610"}],"curies":[{"name":"wp","href":"https:\/\/api.w.org\/{rel}","templated":true}]}}