{"id":15730,"date":"2016-09-05T06:02:35","date_gmt":"2016-09-05T11:02:35","guid":{"rendered":"http:\/\/www.revistazetta.com\/?p=15730"},"modified":"2016-09-05T07:31:27","modified_gmt":"2016-09-05T12:31:27","slug":"ustedes-no-tienen-local-tienen-patrimonio-ipcc","status":"publish","type":"post","link":"https:\/\/revistazetta.com\/?p=15730","title":{"rendered":"\u201cUstedes no tienen un local, tienen un patrimonio\u201d: IPCC"},"content":{"rendered":"<p>El Instituto de Patrimonio y Cultura de Cartagena (IPCC), se reuni\u00f3 con los comerciantes de la Plaza de los Coches a fin de darles a conocer los procesos que se est\u00e1n realizando desde el instituto, para conservar y fortalecer el patrimonio de la ciudad. De igual forma se expusieron mecanismos y competencias para mejorar el funcionamiento de la Plaza de los Coches, Portal de los Dulces y sitios adyacentes, en pro del patrimonio.<\/p>\n<p><img loading=\"lazy\" decoding=\"async\" src=\"https:\/\/www.revistazetta.com\/wp-content\/uploads\/2016\/09\/LPP-300x187.jpg\" alt=\"LPP\" width=\"300\" height=\"187\" class=\"alignleft size-medium wp-image-15740\" srcset=\"https:\/\/revistazetta.com\/wp-content\/uploads\/2016\/09\/LPP-300x187.jpg 300w, https:\/\/revistazetta.com\/wp-content\/uploads\/2016\/09\/LPP-234x146.jpg 234w, https:\/\/revistazetta.com\/wp-content\/uploads\/2016\/09\/LPP-50x31.jpg 50w, https:\/\/revistazetta.com\/wp-content\/uploads\/2016\/09\/LPP-120x75.jpg 120w, https:\/\/revistazetta.com\/wp-content\/uploads\/2016\/09\/LPP.jpg 570w\" sizes=\"auto, (max-width: 300px) 100vw, 300px\" \/><br \/>\nBertha Luc\u00eda Arnedo, directora del IPCC, defini\u00f3 esta primera reuni\u00f3n como un espacio para poder ser aliados y fortalecer entre todos la Plaza de los Coches, pues los beneficios y compromisos que giran en torno al lugar implican a muchos actores sociales:<\/p>\n<p>\u201cUstedes tienen un privilegio grande que pocos comerciantes de la ciudad tienen, y es estar funcionando en una de las plazas m\u00e1s emblem\u00e1ticas de Cartagena. Lo que hemos querido con el Alcalde es poder abrir este espacio para ampliarles la visi\u00f3n sobre la importancia de este lugar, para decirles que nosotros como instituci\u00f3n queremos acompa\u00f1arles para que sus negocios sean pr\u00f3speros, porque sabemos que eso genera valor, empleo, oportunidades, hacen que el turista tenga una oferta para llegar y obtener buenos servicios\u201d, dijo Bertha Arnedo, quien recalc\u00f3 los compromisos y obligaciones que deben tener los comerciantes en retribuci\u00f3n a la ciudad, en funci\u00f3n de que ese valor recibido del patrimonio no sea unidireccional sino mutuo.<\/p>\n<p>\u201cEs una primera invitaci\u00f3n para hacerles saber que no queremos avanzar en esta apuesta por la ciudad de manera prohibitiva, restrictiva, sino ponernos de acuerdo para que podamos entender este valor\u201d, recalc\u00f3 la directora del IPCC, quien dej\u00f3 las puertas abiertas para futuros debates y reuniones.<\/p>\n<p> Alfonso Cabrera, jede de la Divisi\u00f3n de Patrimonio Cultural del IPCC habl\u00f3 sobre normas patrimoniales y conservaci\u00f3n del Centro Hist\u00f3rico, haciendo \u00e9nfasis en la permanente lucha que se ha venido realizando para poder recuperar el espacio p\u00fablico y erradicar la contaminaci\u00f3n visual, con el fin de lograr que el patrimonio sea utilizado adecuadamente, sin da\u00f1arlo.<\/p>\n<p>Cabrera hizo una rese\u00f1a hist\u00f3rica de inmuebles ubicados en la plaza de los Coches que desde el Siglo XVI, y los casi 300 a\u00f1os de Colonia y 200 de Rep\u00fablica ha tenido muchos nombres: Plaza de Puente, del Juez, de la Yerba, del Esclavo, El Rollo, de Las Negras, de Los Mercadores, del Ecuador, del Reloj y de Los Coches.<\/p>\n<p>Durante la reuni\u00f3n tambi\u00e9n se dieron a conocer los procesos que deben realizarse para restaurar las edificaciones del Centro Hist\u00f3rico.<\/p>\n<p>A los propietarios se les explic\u00f3 c\u00f3mo presentar sus proyectos a trav\u00e9s de un caso donde se vieron balcones deteriorados, la propuesta de restauraci\u00f3n presentada ante el IPCC y el Comit\u00e9 T\u00e9cnico de Patrimonio, y tras la aprobaci\u00f3n, la posterior reparaci\u00f3n. <\/p>\n","protected":false},"excerpt":{"rendered":"<p>El Instituto de Patrimonio y Cultura de Cartagena (IPCC), se reuni\u00f3 con los comerciantes de la Plaza de los Coches a fin de darles a conocer los procesos que se est\u00e1n realizando desde el instituto, para conservar y fortalecer el patrimonio de la ciudad. De igual forma se expusieron mecanismos y competencias para mejorar el funcionamiento de la Plaza de los Coches, Portal de los Dulces y sitios adyacentes, en pro del patrimonio. Bertha Luc\u00eda Arnedo, directora del IPCC, defini\u00f3 esta primera reuni\u00f3n como un espacio para poder ser aliados&#8230; <\/p>\n","protected":false},"author":3,"featured_media":15733,"comment_status":"open","ping_status":"closed","sticky":false,"template":"","format":"standard","meta":{"footnotes":"","_links_to":"","_links_to_target":""},"categories":[2,41,75,32],"tags":[],"class_list":["post-15730","post","type-post","status-publish","format-standard","has-post-thumbnail","hentry","category-actualidad","category-cultura","category-destacada","category-actualidad-distrito"],"_links":{"self":[{"href":"https:\/\/revistazetta.com\/index.php?rest_route=\/wp\/v2\/posts\/15730","targetHints":{"allow":["GET"]}}],"collection":[{"href":"https:\/\/revistazetta.com\/index.php?rest_route=\/wp\/v2\/posts"}],"about":[{"href":"https:\/\/revistazetta.com\/index.php?rest_route=\/wp\/v2\/types\/post"}],"author":[{"embeddable":true,"href":"https:\/\/revistazetta.com\/index.php?rest_route=\/wp\/v2\/users\/3"}],"replies":[{"embeddable":true,"href":"https:\/\/revistazetta.com\/index.php?rest_route=%2Fwp%2Fv2%2Fcomments&post=15730"}],"version-history":[{"count":0,"href":"https:\/\/revistazetta.com\/index.php?rest_route=\/wp\/v2\/posts\/15730\/revisions"}],"wp:featuredmedia":[{"embeddable":true,"href":"https:\/\/revistazetta.com\/index.php?rest_route=\/wp\/v2\/media\/15733"}],"wp:attachment":[{"href":"https:\/\/revistazetta.com\/index.php?rest_route=%2Fwp%2Fv2%2Fmedia&parent=15730"}],"wp:term":[{"taxonomy":"category","embeddable":true,"href":"https:\/\/revistazetta.com\/index.php?rest_route=%2Fwp%2Fv2%2Fcategories&post=15730"},{"taxonomy":"post_tag","embeddable":true,"href":"https:\/\/revistazetta.com\/index.php?rest_route=%2Fwp%2Fv2%2Ftags&post=15730"}],"curies":[{"name":"wp","href":"https:\/\/api.w.org\/{rel}","templated":true}]}}