{"id":15741,"date":"2016-09-05T07:21:42","date_gmt":"2016-09-05T12:21:42","guid":{"rendered":"http:\/\/www.revistazetta.com\/?p=15741"},"modified":"2016-09-05T07:38:02","modified_gmt":"2016-09-05T12:38:02","slug":"orbita-politica-john-zamora-lunes-5-septiembre","status":"publish","type":"post","link":"https:\/\/revistazetta.com\/?p=15741","title":{"rendered":"\u00d3rbita Pol\u00edtica de John Zamora &#8211; lunes 5 de septiembre"},"content":{"rendered":"<p><strong>Asuntos de agenda<\/strong><\/p>\n<p>Cartagena es una ciudad con muchos frentes importantes de acci\u00f3n, como el cultural. Darle realce a estos asuntos debe ser prioridad de todo gobierno serio, y por ello se ha privilegiado en Cartagena la revitalizaci\u00f3n de las Fiestas de Independencia. Eso llev\u00f3 al alcalde Manolo a visitar a su similar en Medell\u00edn, y lograr importante respaldo tanto en patrocinios como en intercambio cultural. Esa visita terminaba el viernes pasado, cuando tambi\u00e9n ocurr\u00eda otro asunto importante en el frente pol\u00edtico: el presidente Santos anunciaba en Cartagena que nuestra ciudad fue escogida para la firma del acuerdo de paz con las Farc. A esa hora el alcalde estaba a 32 mil pies de altura, volando de regreso de Medell\u00edn, y no estuvo para esa \u201cfoto\u201d. Asuntos de agenda.<\/p>\n<p>&nbsp;<\/p>\n<p><strong>\u00cdnfulas de Papa<\/strong><\/p>\n<p>Esto no sucedi\u00f3 en el Vaticano sino en Cartagena. Un viralizado video mostraba un pastor en Cartagena promoviendo el No y tratando a Santos como un demonio. Por eso, periodista fue hasta la sede de su iglesia para entrevistarle y all\u00ed le dijeron que para hablar con pastor, deb\u00eda entregar un cuestionario en papel membreteado firmado por el director del medio, esperar que un comit\u00e9 lo evaluara y, si era aprobado, aguardar la fecha en que se le asignare la cita. \u00a1M\u00e1s f\u00e1cil hablar con Francisco! El personaje no lo voy a mencionar, pero hay r\u00edos y r\u00edos de pistas\u2026<\/p>\n<p>&nbsp;<\/p>\n<p><strong>Semana registra \u201cotro\u201d Festijazz<\/strong><\/p>\n<p>Por no cubrir el evento como se supone que hace un medio prestigioso, vean la cantidad de imprecisiones que cobija una peque\u00f1a rese\u00f1a de revista Semana sobre el lanzamiento del V Festival de Jazz de Mompox, la semana pasada en Bogot\u00e1.<\/p>\n<p>Dice as\u00ed la nota publicada en la edici\u00f3n digital: \u201cEl mi\u00e9rcoles, el Instituto Cultural de Bol\u00edvar lanz\u00f3 la quinta edici\u00f3n del Festival de Jazz de Mompox con un concierto en el que participaron maestros de talla mundial como el saxofonista colombiano Antonio Arnedo, el grupo cubano a capella Vocal Sampling, la banda chilena Daikiri, el cantante dominicano Jandy Feliz y el cubano Isaac Delgado, adem\u00e1s de un coro de m\u00fasica gospel\u201d.<\/p>\n<p>Pues no hubo tal concierto sino un conversatorio con una breve presentaci\u00f3n de Oscar Acevedo al piano y Antonio Arnedo en el saxof\u00f3n. Los dem\u00e1s ni sab\u00edan que ese d\u00eda \u201cestaban\u201d en Bogot\u00e1, aunque s\u00ed est\u00e1n anunciados para Mompox, salvo Jandi F\u00e9liz, ex vocalista de Chichi Peralta. Por \u00faltimo, Daiquir\u00ed es de Venezuela.<\/p>\n<p>Lo \u00fanico que qued\u00f3 bien en la nota es el remate: \u201cEl festival tendr\u00e1 lugar entre el pr\u00f3ximo 13 y 15 de octubre. Los organizadores esperan la asistencia de 4.500 personas no solo a los conciertos, sino tambi\u00e9n a las muestras gastron\u00f3micas y artesanales. Se espera en especial la actuaci\u00f3n de artistas nacionales como Pipe Pel\u00e1ez, que se presentar\u00e1 con la Orquesta Sinf\u00f3nica de Bol\u00edvar, y Petr\u00f3nica de Petrona Mart\u00ednez\u201d.<\/p>\n<p><img loading=\"lazy\" decoding=\"async\" class=\"alignleft size-medium wp-image-15743\" src=\"https:\/\/www.revistazetta.com\/wp-content\/uploads\/2016\/09\/Semana-jazzz-148x300.png\" alt=\"Semana jazzz\" width=\"148\" height=\"300\" srcset=\"https:\/\/revistazetta.com\/wp-content\/uploads\/2016\/09\/Semana-jazzz-148x300.png 148w, https:\/\/revistazetta.com\/wp-content\/uploads\/2016\/09\/Semana-jazzz-72x146.png 72w, https:\/\/revistazetta.com\/wp-content\/uploads\/2016\/09\/Semana-jazzz-25x50.png 25w, https:\/\/revistazetta.com\/wp-content\/uploads\/2016\/09\/Semana-jazzz-37x75.png 37w, https:\/\/revistazetta.com\/wp-content\/uploads\/2016\/09\/Semana-jazzz.png 381w\" sizes=\"auto, (max-width: 148px) 100vw, 148px\" \/><\/p>\n<p>&nbsp;<\/p>\n","protected":false},"excerpt":{"rendered":"<p>Asuntos de agenda Cartagena es una ciudad con muchos frentes importantes de acci\u00f3n, como el cultural. Darle realce a estos asuntos debe ser prioridad de todo gobierno serio, y por ello se ha privilegiado en Cartagena la revitalizaci\u00f3n de las Fiestas de Independencia. Eso llev\u00f3 al alcalde Manolo a visitar a su similar en Medell\u00edn, y lograr importante respaldo tanto en patrocinios como en intercambio cultural. Esa visita terminaba el viernes pasado, cuando tambi\u00e9n ocurr\u00eda otro asunto importante en el frente pol\u00edtico: el presidente Santos anunciaba en Cartagena que nuestra&#8230; <\/p>\n","protected":false},"author":3,"featured_media":15742,"comment_status":"open","ping_status":"closed","sticky":false,"template":"","format":"standard","meta":{"footnotes":"","_links_to":"","_links_to_target":""},"categories":[75,47,44,45],"tags":[],"class_list":["post-15741","post","type-post","status-publish","format-standard","has-post-thumbnail","hentry","category-destacada","category-john-zamora","category-materiagris","category-orbita"],"_links":{"self":[{"href":"https:\/\/revistazetta.com\/index.php?rest_route=\/wp\/v2\/posts\/15741","targetHints":{"allow":["GET"]}}],"collection":[{"href":"https:\/\/revistazetta.com\/index.php?rest_route=\/wp\/v2\/posts"}],"about":[{"href":"https:\/\/revistazetta.com\/index.php?rest_route=\/wp\/v2\/types\/post"}],"author":[{"embeddable":true,"href":"https:\/\/revistazetta.com\/index.php?rest_route=\/wp\/v2\/users\/3"}],"replies":[{"embeddable":true,"href":"https:\/\/revistazetta.com\/index.php?rest_route=%2Fwp%2Fv2%2Fcomments&post=15741"}],"version-history":[{"count":0,"href":"https:\/\/revistazetta.com\/index.php?rest_route=\/wp\/v2\/posts\/15741\/revisions"}],"wp:featuredmedia":[{"embeddable":true,"href":"https:\/\/revistazetta.com\/index.php?rest_route=\/wp\/v2\/media\/15742"}],"wp:attachment":[{"href":"https:\/\/revistazetta.com\/index.php?rest_route=%2Fwp%2Fv2%2Fmedia&parent=15741"}],"wp:term":[{"taxonomy":"category","embeddable":true,"href":"https:\/\/revistazetta.com\/index.php?rest_route=%2Fwp%2Fv2%2Fcategories&post=15741"},{"taxonomy":"post_tag","embeddable":true,"href":"https:\/\/revistazetta.com\/index.php?rest_route=%2Fwp%2Fv2%2Ftags&post=15741"}],"curies":[{"name":"wp","href":"https:\/\/api.w.org\/{rel}","templated":true}]}}