{"id":15748,"date":"2016-09-05T16:18:31","date_gmt":"2016-09-05T21:18:31","guid":{"rendered":"http:\/\/www.revistazetta.com\/?p=15748"},"modified":"2016-09-05T16:18:31","modified_gmt":"2016-09-05T21:18:31","slug":"catedra-captar-lo-invisible-unibac","status":"publish","type":"post","link":"https:\/\/revistazetta.com\/?p=15748","title":{"rendered":"C\u00e1tedra para \u00abcaptar lo invisible\u00bb en Unibac\u00a0"},"content":{"rendered":"<p>&nbsp;<\/p>\n<p>El martes 6 y el mi\u00e9rcoles 7 de septiembre en el sal\u00f3n Pierre Daguet de la Instituci\u00f3n Universitaria Bellas Artes y Ciencias de Bol\u00edvar (Unibac) se adelantar\u00e1 la sexta versi\u00f3n de la C\u00e1tedra Internacional de Altos Estudios \u201cArte Sonoro\u201d en alianza con la Universidad Nacional, con entrada libre al p\u00fabico interesado.<\/p>\n<p>La\u00a0C\u00e1tedra es un proyecto de internacionalizaci\u00f3n con base en la gesti\u00f3n cuyo objetivo es mantener la alianza entre la Facultad de Artes de la Universidad Nacional de Colombia y Unibac. El tema de esta edici\u00f3n es \u00abCaptar lo invisible\u201d como parte del proyecto acad\u00e9mico \u201cArte Sonoro\u201d y est\u00e1 dirigido a estudiantes y profesionales en artes y comunicaci\u00f3n audiovisual.<\/p>\n<p>Este encuentro interuniversitario tendr\u00e1 como ponente y tallerista a la artista<strong>\u00a0<\/strong>francesa<strong>\u00a0<\/strong><em>Amandine Casadamont,\u00a0<\/em>destacada<em>\u00a0<\/em>artista sonora y productora de radio quien empez\u00f3 su primera experiencia sonora a los 14 a\u00f1os como locutora. La mayoria de sus obras se puede escuchar en France Culture de Radio Francia. Ha recibido diferentes premios como el Documental sonoro en la Bienal de Radio de M\u00e9xico en 2012, Premio Phonurgia Nova de arte radiof\u00f3nico en Paris en 2015, medalla de bronce en \u201csound art category\u201d en el New York Festival en 2016 y ha recibido varias nominaciones en distintos pa\u00edses.<\/p>\n<p>Tambi\u00e9n participar\u00e1 en representaci\u00f3n de La Nacional, el profesor y artista Ricardo Arcos-Palma, y por Unibac, la vicerrectora Acad\u00e9mica Estela Barreto \u00c1lvarez, quienes dialogar\u00e1n acerca de la importancia de la gesti\u00f3n del Proyecto de la C\u00e1tedra, y\u00a0aprovechar\u00e1n para ratificar los acuerdos entre las instituciones participantes.<\/p>\n<p>El evento tendr\u00e1 lugar en el sal\u00f3n Pierre Daguet del Complejo Universitario Unibac en Cartagena, e iniciar\u00e1 este martes 6 de septiembre de 8:30 de la ma\u00f1ana a 4 de la tarde, jornada en la que se abordar\u00e1 con el p\u00fablico interesado el tema de las tecnolog\u00edas sonoras y la fotograf\u00eda; al d\u00eda siguiente mi\u00e9rcoles, desde las 8:30 de la ma\u00f1ana y hasta el mediod\u00eda se realizar\u00e1 un taller te\u00f3rico pr\u00e1ctico de interacci\u00f3n con los estudiantes de artes, con exposiciones donde la radio ser\u00e1 un componente esencial. Entrada libre hasta completar aforo.<\/p>\n","protected":false},"excerpt":{"rendered":"<p>&nbsp; El martes 6 y el mi\u00e9rcoles 7 de septiembre en el sal\u00f3n Pierre Daguet de la Instituci\u00f3n Universitaria Bellas Artes y Ciencias de Bol\u00edvar (Unibac) se adelantar\u00e1 la sexta versi\u00f3n de la C\u00e1tedra Internacional de Altos Estudios \u201cArte Sonoro\u201d en alianza con la Universidad Nacional, con entrada libre al p\u00fabico interesado. La\u00a0C\u00e1tedra es un proyecto de internacionalizaci\u00f3n con base en la gesti\u00f3n cuyo objetivo es mantener la alianza entre la Facultad de Artes de la Universidad Nacional de Colombia y Unibac. El tema de esta edici\u00f3n es \u00abCaptar lo&#8230; <\/p>\n","protected":false},"author":3,"featured_media":15749,"comment_status":"open","ping_status":"closed","sticky":false,"template":"","format":"standard","meta":{"footnotes":"","_links_to":"","_links_to_target":""},"categories":[75],"tags":[],"class_list":["post-15748","post","type-post","status-publish","format-standard","has-post-thumbnail","hentry","category-destacada"],"_links":{"self":[{"href":"https:\/\/revistazetta.com\/index.php?rest_route=\/wp\/v2\/posts\/15748","targetHints":{"allow":["GET"]}}],"collection":[{"href":"https:\/\/revistazetta.com\/index.php?rest_route=\/wp\/v2\/posts"}],"about":[{"href":"https:\/\/revistazetta.com\/index.php?rest_route=\/wp\/v2\/types\/post"}],"author":[{"embeddable":true,"href":"https:\/\/revistazetta.com\/index.php?rest_route=\/wp\/v2\/users\/3"}],"replies":[{"embeddable":true,"href":"https:\/\/revistazetta.com\/index.php?rest_route=%2Fwp%2Fv2%2Fcomments&post=15748"}],"version-history":[{"count":0,"href":"https:\/\/revistazetta.com\/index.php?rest_route=\/wp\/v2\/posts\/15748\/revisions"}],"wp:featuredmedia":[{"embeddable":true,"href":"https:\/\/revistazetta.com\/index.php?rest_route=\/wp\/v2\/media\/15749"}],"wp:attachment":[{"href":"https:\/\/revistazetta.com\/index.php?rest_route=%2Fwp%2Fv2%2Fmedia&parent=15748"}],"wp:term":[{"taxonomy":"category","embeddable":true,"href":"https:\/\/revistazetta.com\/index.php?rest_route=%2Fwp%2Fv2%2Fcategories&post=15748"},{"taxonomy":"post_tag","embeddable":true,"href":"https:\/\/revistazetta.com\/index.php?rest_route=%2Fwp%2Fv2%2Ftags&post=15748"}],"curies":[{"name":"wp","href":"https:\/\/api.w.org\/{rel}","templated":true}]}}