{"id":15750,"date":"2016-09-05T16:49:54","date_gmt":"2016-09-05T21:49:54","guid":{"rendered":"http:\/\/www.revistazetta.com\/?p=15750"},"modified":"2016-09-05T16:49:54","modified_gmt":"2016-09-05T21:49:54","slug":"andres-betancourt-avanza-llega-al-equipo-dumek","status":"publish","type":"post","link":"https:\/\/revistazetta.com\/?p=15750","title":{"rendered":"Andr\u00e9s Betancourt \u201cavanza\u201d y llega al equipo de Dumek"},"content":{"rendered":"<p>El ex concejal y ex candidato a la Alcald\u00eda de Cartagena, Andr\u00e9s Betancourt Gonz\u00e1lez, fue presentado este lunes por el gobernador Dumek Turbay como nuevo Asesor de Despacho.<\/p>\n<p>\u201cLe damos la bienvenida a Andr\u00e9s Betancourt, quien ser\u00e1 asesor de mi Despacho para aportar su amplia experiencia y grandes logros a este gobierno del Bol\u00edvar Si Avanza. Andr\u00e9s es un hombre que quiere lo mejor para su departamento y su ciudad y que nos ayudar\u00e1 a trabajar juntos para que Bol\u00edvar si avance\u201d, dijo Turbay Paz.<\/p>\n<p>Betancourt agradeci\u00f3 la confianza del gobernante y se\u00f1al\u00f3 que \u201ccon mucho optimismo recibo este reto de trabajar con el gobierno del Bol\u00edvar Si Avanza en cabeza del gobernador Dumek Turbay Paz, para que nosotros seamos una realidad en el desarrollo social y econ\u00f3mico\u201d.<\/p>\n<p>El nuevo servidor p\u00fablico se\u00f1al\u00f3 que \u201cmi funci\u00f3n ser\u00e1 trabajar en la internacionalizaci\u00f3n del Departamento, en el proyecto de integraci\u00f3n regional que genere un nuevo esquema institucional para el posconflicto de nuestro departamento y del pa\u00eds\u201d.<\/p>\n","protected":false},"excerpt":{"rendered":"<p>El ex concejal y ex candidato a la Alcald\u00eda de Cartagena, Andr\u00e9s Betancourt Gonz\u00e1lez, fue presentado este lunes por el gobernador Dumek Turbay como nuevo Asesor de Despacho. \u201cLe damos la bienvenida a Andr\u00e9s Betancourt, quien ser\u00e1 asesor de mi Despacho para aportar su amplia experiencia y grandes logros a este gobierno del Bol\u00edvar Si Avanza. Andr\u00e9s es un hombre que quiere lo mejor para su departamento y su ciudad y que nos ayudar\u00e1 a trabajar juntos para que Bol\u00edvar si avance\u201d, dijo Turbay Paz. Betancourt agradeci\u00f3 la confianza del&#8230; <\/p>\n","protected":false},"author":3,"featured_media":15751,"comment_status":"open","ping_status":"closed","sticky":false,"template":"","format":"standard","meta":{"footnotes":"","_links_to":"","_links_to_target":""},"categories":[75,33,80],"tags":[],"class_list":["post-15750","post","type-post","status-publish","format-standard","has-post-thumbnail","hentry","category-destacada","category-actualidad-bolivar","category-region"],"_links":{"self":[{"href":"https:\/\/revistazetta.com\/index.php?rest_route=\/wp\/v2\/posts\/15750","targetHints":{"allow":["GET"]}}],"collection":[{"href":"https:\/\/revistazetta.com\/index.php?rest_route=\/wp\/v2\/posts"}],"about":[{"href":"https:\/\/revistazetta.com\/index.php?rest_route=\/wp\/v2\/types\/post"}],"author":[{"embeddable":true,"href":"https:\/\/revistazetta.com\/index.php?rest_route=\/wp\/v2\/users\/3"}],"replies":[{"embeddable":true,"href":"https:\/\/revistazetta.com\/index.php?rest_route=%2Fwp%2Fv2%2Fcomments&post=15750"}],"version-history":[{"count":0,"href":"https:\/\/revistazetta.com\/index.php?rest_route=\/wp\/v2\/posts\/15750\/revisions"}],"wp:featuredmedia":[{"embeddable":true,"href":"https:\/\/revistazetta.com\/index.php?rest_route=\/wp\/v2\/media\/15751"}],"wp:attachment":[{"href":"https:\/\/revistazetta.com\/index.php?rest_route=%2Fwp%2Fv2%2Fmedia&parent=15750"}],"wp:term":[{"taxonomy":"category","embeddable":true,"href":"https:\/\/revistazetta.com\/index.php?rest_route=%2Fwp%2Fv2%2Fcategories&post=15750"},{"taxonomy":"post_tag","embeddable":true,"href":"https:\/\/revistazetta.com\/index.php?rest_route=%2Fwp%2Fv2%2Ftags&post=15750"}],"curies":[{"name":"wp","href":"https:\/\/api.w.org\/{rel}","templated":true}]}}