{"id":15752,"date":"2016-09-05T19:18:33","date_gmt":"2016-09-06T00:18:33","guid":{"rendered":"http:\/\/www.revistazetta.com\/?p=15752"},"modified":"2016-09-05T19:22:39","modified_gmt":"2016-09-06T00:22:39","slug":"cartagena-sera-una-tacita-plata-dia-la-firma-la-paz","status":"publish","type":"post","link":"https:\/\/revistazetta.com\/?p=15752","title":{"rendered":"Cartagena se prepara para ser el escenario de la firma de los acuerdos de paz"},"content":{"rendered":"<p>El alcalde Manolo Duque, inicio un recorrido por las calles del Centro Hist\u00f3rico, para saber qu\u00e9 trabajos se har\u00e1n para embellecer la ciudad y prepararla para las actividades que se realizar\u00e1n que el 26 de septiembre cuando Cartagena ser\u00e1 sede de la firma de la paz en Colombia.<\/p>\n<p>Durante la inspecci\u00f3n se miraron las v\u00edas que se utilizar\u00edan y las mejoras que requieren, as\u00ed como iluminar los sitios que est\u00e9n a oscuras. \u201cLa ciudad deber ser una tacita de plata y vamos a trabajar junto con Presidencia de la Rep\u00fablica para que Cartagena est\u00e9 a la altura de un evento de tama\u00f1a importancia\u201d, dijo el alcalde Duque.<\/p>\n<p>Tambi\u00e9n expres\u00f3 que el presidente Juan Manuel Santos Calder\u00f3n lo llam\u00f3 para mirar c\u00f3mo ser\u00e1 la log\u00edstica del evento y pidi\u00f3 que se le sugirieran algunos sitios. \u201cNuestra propuesta es la Plaza de la Paz, sitio emblem\u00e1tico, que se complementa con el Camell\u00f3n de Los M\u00e1rtires, escenario con un enfoque hist\u00f3rico y que se resaltar\u00eda por la prensa nacional e internacional que acuda al evento. Otro de los sitios en los que se pens\u00f3 fue la Plaza San Pedro Claver, por el tema de los derechos humanos, pero ser\u00e1 Presidencia la que decida qu\u00e9 lugar se escoger\u00e1\u201d, dijo el Alcalde.<\/p>\n<p>Se\u00f1al\u00f3 que en la firma de la paz se espera la presencia de por lo menos unos mil alcaldes, as\u00ed como los gobernadores de Colombia, las visitas internacionales, jefes de Estado y sus equipos de seguridad, y unos 500 miembros de la prensa mundial.<\/p>\n<p>\u201cEsto es muy bueno para la ciudad, porque va a generar trabajo, divisas, que es muy bueno para nuestro turismo. El presidente dijo que este es \u2018el acto m\u00e1s importante que he firmado en mi vida\u2019, eso dice mucho de lo que viene para Cartagena\u201d, expres\u00f3 el Alcalde.<\/p>\n","protected":false},"excerpt":{"rendered":"<p>El alcalde Manolo Duque, inicio un recorrido por las calles del Centro Hist\u00f3rico, para saber qu\u00e9 trabajos se har\u00e1n para embellecer la ciudad y prepararla para las actividades que se realizar\u00e1n que el 26 de septiembre cuando Cartagena ser\u00e1 sede de la firma de la paz en Colombia. Durante la inspecci\u00f3n se miraron las v\u00edas que se utilizar\u00edan y las mejoras que requieren, as\u00ed como iluminar los sitios que est\u00e9n a oscuras. \u201cLa ciudad deber ser una tacita de plata y vamos a trabajar junto con Presidencia de la Rep\u00fablica&#8230; <\/p>\n","protected":false},"author":3,"featured_media":0,"comment_status":"open","ping_status":"closed","sticky":false,"template":"","format":"standard","meta":{"footnotes":"","_links_to":"","_links_to_target":""},"categories":[2,32],"tags":[],"class_list":["post-15752","post","type-post","status-publish","format-standard","hentry","category-actualidad","category-actualidad-distrito"],"_links":{"self":[{"href":"https:\/\/revistazetta.com\/index.php?rest_route=\/wp\/v2\/posts\/15752","targetHints":{"allow":["GET"]}}],"collection":[{"href":"https:\/\/revistazetta.com\/index.php?rest_route=\/wp\/v2\/posts"}],"about":[{"href":"https:\/\/revistazetta.com\/index.php?rest_route=\/wp\/v2\/types\/post"}],"author":[{"embeddable":true,"href":"https:\/\/revistazetta.com\/index.php?rest_route=\/wp\/v2\/users\/3"}],"replies":[{"embeddable":true,"href":"https:\/\/revistazetta.com\/index.php?rest_route=%2Fwp%2Fv2%2Fcomments&post=15752"}],"version-history":[{"count":0,"href":"https:\/\/revistazetta.com\/index.php?rest_route=\/wp\/v2\/posts\/15752\/revisions"}],"wp:attachment":[{"href":"https:\/\/revistazetta.com\/index.php?rest_route=%2Fwp%2Fv2%2Fmedia&parent=15752"}],"wp:term":[{"taxonomy":"category","embeddable":true,"href":"https:\/\/revistazetta.com\/index.php?rest_route=%2Fwp%2Fv2%2Fcategories&post=15752"},{"taxonomy":"post_tag","embeddable":true,"href":"https:\/\/revistazetta.com\/index.php?rest_route=%2Fwp%2Fv2%2Ftags&post=15752"}],"curies":[{"name":"wp","href":"https:\/\/api.w.org\/{rel}","templated":true}]}}