{"id":15754,"date":"2016-09-05T19:42:19","date_gmt":"2016-09-06T00:42:19","guid":{"rendered":"http:\/\/www.revistazetta.com\/?p=15754"},"modified":"2016-09-05T19:42:19","modified_gmt":"2016-09-06T00:42:19","slug":"corvivienda-inicia-censos-sectoriales","status":"publish","type":"post","link":"https:\/\/revistazetta.com\/?p=15754","title":{"rendered":"Corvivienda inicia censos sectoriales"},"content":{"rendered":"<p>Con el prop\u00f3sito de caracterizar familias de diferentes sectores de la ciudad Corvivienda, desde el 5 de septiembre hasta el 3 de octubre realizar\u00e1 censos habitacionales. El censo se inici\u00f3 en el sector La Uni\u00f3n, donde existe un asentamiento humano de unas 300 familias, que en su mayor\u00eda invadieron la franja izquierda de la laguna del Cabrero.<\/p>\n<p>\u201cEl objetivo es que ante el da\u00f1o que se le ha hecho al ecosistema en la zona identifiquemos a las familias explorando una posible reubicaci\u00f3n pero con datos exactos de cada una de ellas. El prop\u00f3sito es presentar proyectos ante el gobierno nacional y con recursos propios para generar una mejor calidad de vida a estas familias\u201d, explic\u00f3 el gerente de Corvivienda, William Garc\u00eda Tirado.<\/p>\n<p><img loading=\"lazy\" decoding=\"async\" src=\"https:\/\/www.revistazetta.com\/wp-content\/uploads\/2016\/09\/CCV1-300x187.jpg\" alt=\"CCV1\" width=\"300\" height=\"187\" class=\"alignleft size-medium wp-image-15755\" srcset=\"https:\/\/revistazetta.com\/wp-content\/uploads\/2016\/09\/CCV1-300x187.jpg 300w, https:\/\/revistazetta.com\/wp-content\/uploads\/2016\/09\/CCV1-234x146.jpg 234w, https:\/\/revistazetta.com\/wp-content\/uploads\/2016\/09\/CCV1-50x31.jpg 50w, https:\/\/revistazetta.com\/wp-content\/uploads\/2016\/09\/CCV1-120x75.jpg 120w, https:\/\/revistazetta.com\/wp-content\/uploads\/2016\/09\/CCV1.jpg 570w\" sizes=\"auto, (max-width: 300px) 100vw, 300px\" \/><br \/>\n\u201cDe igual forma buscamos con esta informaci\u00f3n identificar a las familias desplazadas por la violencia, con el fin de presentar proyectos habitacionales para beneficiarlas en el plano del posconflicto, como lo ha planteado el Gobierno Nacional\u201d, dijo Garc\u00eda.<\/p>\n<p>Son nueve los sectores que se censar\u00e1n en toda Cartagena, entre ellos adem\u00e1s de la Uni\u00f3n en Torices, en el Cerro de Albornoz, Luz Verde, Los Olivos, La Paz, Mirador de Zaragocilla, Nueva Israel, Los Girasoles, Campo El\u00edas y Villa Fany.<\/p>\n<p>La jornada de caracterizaci\u00f3n a trav\u00e9s del censo, se ha socializado con los miembros de la comunidad previamente, \u201cNos parece bien que se levante la informaci\u00f3n para que se reubiquen las personas que deben ser reubicadas porque se le ha hecho un da\u00f1o al cuerpo de agua. Hay familias que habitan pr\u00e1cticamente dentro de la laguna, construyeron cambuches luego de rellenar. Habitan ni\u00f1os con sus padres, expuestos a adquirir enfermedades\u201d, explic\u00f3 Gregorio Mel\u00e9ndez, l\u00edder de La Uni\u00f3n. <\/p>\n","protected":false},"excerpt":{"rendered":"<p>Con el prop\u00f3sito de caracterizar familias de diferentes sectores de la ciudad Corvivienda, desde el 5 de septiembre hasta el 3 de octubre realizar\u00e1 censos habitacionales. El censo se inici\u00f3 en el sector La Uni\u00f3n, donde existe un asentamiento humano de unas 300 familias, que en su mayor\u00eda invadieron la franja izquierda de la laguna del Cabrero. \u201cEl objetivo es que ante el da\u00f1o que se le ha hecho al ecosistema en la zona identifiquemos a las familias explorando una posible reubicaci\u00f3n pero con datos exactos de cada una de&#8230; <\/p>\n","protected":false},"author":3,"featured_media":15757,"comment_status":"open","ping_status":"closed","sticky":false,"template":"","format":"standard","meta":{"footnotes":"","_links_to":"","_links_to_target":""},"categories":[32],"tags":[],"class_list":["post-15754","post","type-post","status-publish","format-standard","has-post-thumbnail","hentry","category-actualidad-distrito"],"_links":{"self":[{"href":"https:\/\/revistazetta.com\/index.php?rest_route=\/wp\/v2\/posts\/15754","targetHints":{"allow":["GET"]}}],"collection":[{"href":"https:\/\/revistazetta.com\/index.php?rest_route=\/wp\/v2\/posts"}],"about":[{"href":"https:\/\/revistazetta.com\/index.php?rest_route=\/wp\/v2\/types\/post"}],"author":[{"embeddable":true,"href":"https:\/\/revistazetta.com\/index.php?rest_route=\/wp\/v2\/users\/3"}],"replies":[{"embeddable":true,"href":"https:\/\/revistazetta.com\/index.php?rest_route=%2Fwp%2Fv2%2Fcomments&post=15754"}],"version-history":[{"count":0,"href":"https:\/\/revistazetta.com\/index.php?rest_route=\/wp\/v2\/posts\/15754\/revisions"}],"wp:featuredmedia":[{"embeddable":true,"href":"https:\/\/revistazetta.com\/index.php?rest_route=\/wp\/v2\/media\/15757"}],"wp:attachment":[{"href":"https:\/\/revistazetta.com\/index.php?rest_route=%2Fwp%2Fv2%2Fmedia&parent=15754"}],"wp:term":[{"taxonomy":"category","embeddable":true,"href":"https:\/\/revistazetta.com\/index.php?rest_route=%2Fwp%2Fv2%2Fcategories&post=15754"},{"taxonomy":"post_tag","embeddable":true,"href":"https:\/\/revistazetta.com\/index.php?rest_route=%2Fwp%2Fv2%2Ftags&post=15754"}],"curies":[{"name":"wp","href":"https:\/\/api.w.org\/{rel}","templated":true}]}}