{"id":15763,"date":"2016-09-05T23:52:59","date_gmt":"2016-09-06T04:52:59","guid":{"rendered":"http:\/\/www.revistazetta.com\/?p=15763"},"modified":"2016-09-05T23:52:59","modified_gmt":"2016-09-06T04:52:59","slug":"nuevos-voceros-del-partido-verde-bolivar","status":"publish","type":"post","link":"https:\/\/revistazetta.com\/?p=15763","title":{"rendered":"Nuevos voceros del Partido Verde en Bol\u00edvar"},"content":{"rendered":"<p>El Partido Alianza Verde design\u00f3 nuevos voceros departamentales mientras resuelve una impugnaci\u00f3n contra la directiva departamental y, tambi\u00e9n, mientras se dedican de lleno a promover el SI en el plebiscito del 2 de octubre.<\/p>\n<p>La concejal Ang\u00e9lica Mar\u00eda Hodeg Durango y el ex candidato a la Alcald\u00eda Fabio Yesid Castellanos Herrera fueron designados voceros de ese partido en Bol\u00edvar, y ostentar\u00e1n esa condici\u00f3n hasta que se realice la Asamblea Departamental de Restructuraci\u00f3n de la Direcci\u00f3n Departamental, que en todo caso ser\u00e1 despu\u00e9s del plebiscito.<\/p>\n<p>Esta es la resoluci\u00f3n del Comit\u00e9 Ejecutivo Nacional de ese partido:<\/p>\n<p>&nbsp;<\/p>\n<p>RESOLUCI\u00d3N EN 001 DE 2016 \u2013 COMIT\u00c9 EJECUTIVO NACIONAL<\/p>\n<p>Mediante la cual el Comit\u00e9 Ejecutivo Nacional declara suspendido el proceso de reestructuraci\u00f3n de la Direcci\u00f3n Departamental de Bol\u00edvar, define las vocer\u00edas oficiales del Partido en ese departamento, y<\/p>\n<p>CONSIDERANDO:<\/p>\n<ol>\n<li>Que a trav\u00e9s de la Resoluci\u00f3n 001 de 2016 de la Direcci\u00f3n Nacional se reglament\u00f3 el procedimiento y requisitos para la reestructuraci\u00f3n de las Direcciones Departamentales;<\/li>\n<li>Que ha sido impugnada la reuni\u00f3n departamental de Bol\u00edvar realizada en la ciudad de Cartagena el 2 de julio de los corrientes, por no cumplir con el lleno de los requisitos en la convocatoria y en el desarrollo de la reuni\u00f3n con las garant\u00edas democr\u00e1ticas para el conjunto de integrantes del Partido en esa jurisdicci\u00f3n territorial;<\/li>\n<li>Que en la reuni\u00f3n de Direcci\u00f3n Nacional Ampliada del pasado 29 de agosto, se determin\u00f3 que se aplazaba el proceso de reestructuraci\u00f3n de las Direcciones Departamentales, para concentrar los esfuerzos del Partido durante el mes de septiembre de manera exclusiva a la promoci\u00f3n de la opci\u00f3n del S\u00cd en el plebiscito convocado por el Presidente de la Rep\u00fablica para el 2 de octubre, y que nuevamente se reprogramar\u00e1 el calendario para darle cumplimiento a la Resoluci\u00f3n 001 de 2016 de la Direcci\u00f3n Nacional y las siguientes normativas del Partido que la reglamentan;<\/li>\n<li>Que en tal sentido la revisi\u00f3n y reprogramaci\u00f3n de la reestructuraci\u00f3n de la Direcci\u00f3n Departamental de Bol\u00edvar ser\u00e1 convocada para despu\u00e9s del 2 de octubre de los corrientes, siguiendo los procedimientos de la Resoluci\u00f3n 001 de 2016, con la participaci\u00f3n de quienes est\u00e1n leg\u00edtimamente convocados a hacer parte de esta instancia de direcci\u00f3n en el departamento de Bol\u00edvar;<\/li>\n<\/ol>\n<p>&nbsp;<\/p>\n<p>RESUELVE:<\/p>\n<ol>\n<li>Nombrar y reconocer como vocer\u00eda oficial del Partido Alianza Verde en el departamento de Bol\u00edvar, a la Concejala electa por el Distrito de Cartagena de Indias, ANGELICA MARIA HODEG DURANGO, y al excandidato a la Alcald\u00eda del Distrito de Cartagena de Indias, FABIO YEZID CASTELLANOS HERRERA;<\/li>\n<li>Suspender el reconocimiento de vocer\u00eda y\/o representaci\u00f3n del Partido Alianza Verde en el departamento de Bol\u00edvar a cualquier otra u otras personas, hasta tanto se realice la Asamblea Departamental de Restructuraci\u00f3n de la Direcci\u00f3n Departamental en esa jurisdicci\u00f3n territorial, en los t\u00e9rminos de la Resoluci\u00f3n 001 de 2016 de la Direcci\u00f3n Nacional y las normativas posteriores reglamentarias, seg\u00fan el cronograma que se fijar\u00e1 despu\u00e9s del 2 de octubre de los corrientes;<\/li>\n<li>Esta Resoluci\u00f3n del Comit\u00e9 Ejecutivo Nacional, se emite con el fin de regularizar la representaci\u00f3n formal del Partido Alianza Verde en la jurisdicci\u00f3n del departamento de Bol\u00edvar mientras se tramita el proceso de impugnaci\u00f3n presentado ante esta instancia de direcci\u00f3n del Partido.<\/li>\n<\/ol>\n<p>PUBL\u00cdQUESE, COMUN\u00cdQUESE Y CUMPLASE.<\/p>\n<p>COMIT\u00c9 EJECUTIVO NACIONAL<\/p>\n<p>Bogot\u00e1, Septiembre 5 de 2016<\/p>\n","protected":false},"excerpt":{"rendered":"<p>El Partido Alianza Verde design\u00f3 nuevos voceros departamentales mientras resuelve una impugnaci\u00f3n contra la directiva departamental y, tambi\u00e9n, mientras se dedican de lleno a promover el SI en el plebiscito del 2 de octubre. La concejal Ang\u00e9lica Mar\u00eda Hodeg Durango y el ex candidato a la Alcald\u00eda Fabio Yesid Castellanos Herrera fueron designados voceros de ese partido en Bol\u00edvar, y ostentar\u00e1n esa condici\u00f3n hasta que se realice la Asamblea Departamental de Restructuraci\u00f3n de la Direcci\u00f3n Departamental, que en todo caso ser\u00e1 despu\u00e9s del plebiscito. Esta es la resoluci\u00f3n del Comit\u00e9&#8230; <\/p>\n","protected":false},"author":3,"featured_media":15764,"comment_status":"open","ping_status":"closed","sticky":false,"template":"","format":"standard","meta":{"footnotes":"","_links_to":"","_links_to_target":""},"categories":[75,26,4],"tags":[],"class_list":["post-15763","post","type-post","status-publish","format-standard","has-post-thumbnail","hentry","category-destacada","category-politica-noticias","category-politica"],"_links":{"self":[{"href":"https:\/\/revistazetta.com\/index.php?rest_route=\/wp\/v2\/posts\/15763","targetHints":{"allow":["GET"]}}],"collection":[{"href":"https:\/\/revistazetta.com\/index.php?rest_route=\/wp\/v2\/posts"}],"about":[{"href":"https:\/\/revistazetta.com\/index.php?rest_route=\/wp\/v2\/types\/post"}],"author":[{"embeddable":true,"href":"https:\/\/revistazetta.com\/index.php?rest_route=\/wp\/v2\/users\/3"}],"replies":[{"embeddable":true,"href":"https:\/\/revistazetta.com\/index.php?rest_route=%2Fwp%2Fv2%2Fcomments&post=15763"}],"version-history":[{"count":0,"href":"https:\/\/revistazetta.com\/index.php?rest_route=\/wp\/v2\/posts\/15763\/revisions"}],"wp:featuredmedia":[{"embeddable":true,"href":"https:\/\/revistazetta.com\/index.php?rest_route=\/wp\/v2\/media\/15764"}],"wp:attachment":[{"href":"https:\/\/revistazetta.com\/index.php?rest_route=%2Fwp%2Fv2%2Fmedia&parent=15763"}],"wp:term":[{"taxonomy":"category","embeddable":true,"href":"https:\/\/revistazetta.com\/index.php?rest_route=%2Fwp%2Fv2%2Fcategories&post=15763"},{"taxonomy":"post_tag","embeddable":true,"href":"https:\/\/revistazetta.com\/index.php?rest_route=%2Fwp%2Fv2%2Ftags&post=15763"}],"curies":[{"name":"wp","href":"https:\/\/api.w.org\/{rel}","templated":true}]}}