{"id":15781,"date":"2016-09-06T15:18:36","date_gmt":"2016-09-06T20:18:36","guid":{"rendered":"http:\/\/www.revistazetta.com\/?p=15781"},"modified":"2016-09-06T15:18:36","modified_gmt":"2016-09-06T20:18:36","slug":"ese-suspende-atencion-urgencias-centro-salud-olaya-48-horas","status":"publish","type":"post","link":"https:\/\/revistazetta.com\/?p=15781","title":{"rendered":"ESE suspende atenci\u00f3n de urgencias en Centro de Salud de Olaya por 48 horas"},"content":{"rendered":"<p>El gerente (e) de la ESE Hospital Local Cartagena de Indias, \u00c1lvaro Ru\u00edz Campillo, inform\u00f3 a la comunidad que se suspender\u00e1 la atenci\u00f3n de urgencias en el Centro de Salud con Camas de Olaya Herrera por 48 horas, este mi\u00e9rcoles 7 y jueves 8 de agosto, mientras se realizan reparaciones locativas en los ba\u00f1os.<\/p>\n<p>Ru\u00edz Campillo aclar\u00f3 que la ESE Hospital Local Cartagena de Indias decidi\u00f3 programar la suspensi\u00f3n preventiva para evitar una emergencia sanitaria. \u201cNosotros adoptamos un plan de contingencia para derivar todas las urgencias al Centro de Salud de La Candelaria para garantizar la atenci\u00f3n en salud a quien la requiera\u201d, sostuvo el funcionario.<\/p>\n<p>A\u00f1adi\u00f3 que los operarios de la ESE trabajar\u00e1n con celeridad para cumplir con los arreglos. \u201cSi se culminan las labores antes del tiempo estipulado, se reabre el servicio de urgencias\u201d, indic\u00f3. El Centro de Salud de Olaya estar\u00e1 abierto y se prestar\u00e1n los servicios de odontolog\u00eda, consulta externa y otros.<\/p>\n","protected":false},"excerpt":{"rendered":"<p>El gerente (e) de la ESE Hospital Local Cartagena de Indias, \u00c1lvaro Ru\u00edz Campillo, inform\u00f3 a la comunidad que se suspender\u00e1 la atenci\u00f3n de urgencias en el Centro de Salud con Camas de Olaya Herrera por 48 horas, este mi\u00e9rcoles 7 y jueves 8 de agosto, mientras se realizan reparaciones locativas en los ba\u00f1os. Ru\u00edz Campillo aclar\u00f3 que la ESE Hospital Local Cartagena de Indias decidi\u00f3 programar la suspensi\u00f3n preventiva para evitar una emergencia sanitaria. \u201cNosotros adoptamos un plan de contingencia para derivar todas las urgencias al Centro de Salud&#8230; <\/p>\n","protected":false},"author":3,"featured_media":15782,"comment_status":"open","ping_status":"closed","sticky":false,"template":"","format":"standard","meta":{"footnotes":"","_links_to":"","_links_to_target":""},"categories":[2],"tags":[],"class_list":["post-15781","post","type-post","status-publish","format-standard","has-post-thumbnail","hentry","category-actualidad"],"_links":{"self":[{"href":"https:\/\/revistazetta.com\/index.php?rest_route=\/wp\/v2\/posts\/15781","targetHints":{"allow":["GET"]}}],"collection":[{"href":"https:\/\/revistazetta.com\/index.php?rest_route=\/wp\/v2\/posts"}],"about":[{"href":"https:\/\/revistazetta.com\/index.php?rest_route=\/wp\/v2\/types\/post"}],"author":[{"embeddable":true,"href":"https:\/\/revistazetta.com\/index.php?rest_route=\/wp\/v2\/users\/3"}],"replies":[{"embeddable":true,"href":"https:\/\/revistazetta.com\/index.php?rest_route=%2Fwp%2Fv2%2Fcomments&post=15781"}],"version-history":[{"count":0,"href":"https:\/\/revistazetta.com\/index.php?rest_route=\/wp\/v2\/posts\/15781\/revisions"}],"wp:featuredmedia":[{"embeddable":true,"href":"https:\/\/revistazetta.com\/index.php?rest_route=\/wp\/v2\/media\/15782"}],"wp:attachment":[{"href":"https:\/\/revistazetta.com\/index.php?rest_route=%2Fwp%2Fv2%2Fmedia&parent=15781"}],"wp:term":[{"taxonomy":"category","embeddable":true,"href":"https:\/\/revistazetta.com\/index.php?rest_route=%2Fwp%2Fv2%2Fcategories&post=15781"},{"taxonomy":"post_tag","embeddable":true,"href":"https:\/\/revistazetta.com\/index.php?rest_route=%2Fwp%2Fv2%2Ftags&post=15781"}],"curies":[{"name":"wp","href":"https:\/\/api.w.org\/{rel}","templated":true}]}}