{"id":15784,"date":"2016-09-06T18:12:12","date_gmt":"2016-09-06T23:12:12","guid":{"rendered":"http:\/\/www.revistazetta.com\/?p=15784"},"modified":"2016-09-06T18:12:12","modified_gmt":"2016-09-06T23:12:12","slug":"jovenes-riesgo-olaya-herrera-henequen-juran-bandera-infantes-marina","status":"publish","type":"post","link":"https:\/\/revistazetta.com\/?p=15784","title":{"rendered":"J\u00f3venes en riesgo de Olaya Herrera y Henequ\u00e9n juran bandera como Infantes de Marina"},"content":{"rendered":"<p>Gracias a un convenio entre el gobierno de Primero La Gente y la Armada Nacional, cinco j\u00f3venes en riesgo de los barrios Olaya Herrera y Henequ\u00e9n iniciaron su vida militar y en pasados d\u00edas juraron bandera como Infantes de Marina. La ceremonia se realiz\u00f3 en la base de entrenamiento militar en Cove\u00f1as, Sucre, hasta donde llegaron funcionarios del programa Primero Los J\u00f3venes, adscrito la Secretar\u00eda del Interior y Convivencia Ciudadana para acompa\u00f1arlos en este importante momento.<\/p>\n<p>\u201cAntes de llegar ac\u00e1 estaba sin hacer nada en mi casa. Se me dio la oportunidad de venir, puse todo mi empe\u00f1o y durante estos tres meses he aprendido mucho a valorar las pocas cosas que uno tiene y a saber en qu\u00e9 invertir el tiempo\u201d, afirm\u00f3 Oswaldo Contreras, joven del barrio Henequ\u00e9n y quien luego de tres meses ve cambios positivos en su vida y espera seguir en el Ej\u00e9rcito y estudiar soldadura naval.<\/p>\n<p>\u201cJam\u00e1s pens\u00e9 en prestar el servicio militar y ac\u00e1 estoy. Sue\u00f1o con seguir adelante y ayudar a mi familia. Mi mensaje para los j\u00f3venes que quiz\u00e1 est\u00e1n en los pasos que yo andaba es que estudien\u201d, a\u00f1adi\u00f3. As\u00ed como Oswaldo, a finales de septiembre cerca de 50 muchachos de diferentes barrios de la ciudad  tambi\u00e9n prestar\u00e1n el servicio militar gracias a la alianza y confianza que la Armada Nacional le ha dado al proyecto de resocializaci\u00f3n de pandillas del Distrito de Cartagena.<\/p>\n<p>\u201cEstamos trabajando articuladamente con diferentes entidades y ver a estos muchachos rehaciendo su vida es una importante noticia para nosotros como Administraci\u00f3n porque estamos convencidos de su actitud de cambio y de que lo que necesitan son oportunidades. Son ejemplo y pasaron de ser j\u00f3venes que se encontraban en una situaci\u00f3n de vulnerabilidad y riesgo a ser autoridad\u201d, indic\u00f3 Fernando Ni\u00f1o Mendoza, secretario del Interior y Convivencia Ciudadana.<\/p>\n<p>Actualmente el Distrito trabaja en la intervenci\u00f3n de 60 pandillas de las 90 censadas en Cartagena. Muchachos de los barrios San Francisco, La Mar\u00eda, El Poz\u00f3n, Olaya Herrera, entre otras comunidades, integran procesos de paz y reconciliaci\u00f3n con quienes llevan a\u00f1os de disputa gracias a las llamadas l\u00edneas imaginarias.<\/p>\n","protected":false},"excerpt":{"rendered":"<p>Gracias a un convenio entre el gobierno de Primero La Gente y la Armada Nacional, cinco j\u00f3venes en riesgo de los barrios Olaya Herrera y Henequ\u00e9n iniciaron su vida militar y en pasados d\u00edas juraron bandera como Infantes de Marina. La ceremonia se realiz\u00f3 en la base de entrenamiento militar en Cove\u00f1as, Sucre, hasta donde llegaron funcionarios del programa Primero Los J\u00f3venes, adscrito la Secretar\u00eda del Interior y Convivencia Ciudadana para acompa\u00f1arlos en este importante momento. \u201cAntes de llegar ac\u00e1 estaba sin hacer nada en mi casa. Se me dio&#8230; <\/p>\n","protected":false},"author":3,"featured_media":15788,"comment_status":"open","ping_status":"closed","sticky":false,"template":"","format":"standard","meta":{"footnotes":"","_links_to":"","_links_to_target":""},"categories":[2,32],"tags":[],"class_list":["post-15784","post","type-post","status-publish","format-standard","has-post-thumbnail","hentry","category-actualidad","category-actualidad-distrito"],"_links":{"self":[{"href":"https:\/\/revistazetta.com\/index.php?rest_route=\/wp\/v2\/posts\/15784","targetHints":{"allow":["GET"]}}],"collection":[{"href":"https:\/\/revistazetta.com\/index.php?rest_route=\/wp\/v2\/posts"}],"about":[{"href":"https:\/\/revistazetta.com\/index.php?rest_route=\/wp\/v2\/types\/post"}],"author":[{"embeddable":true,"href":"https:\/\/revistazetta.com\/index.php?rest_route=\/wp\/v2\/users\/3"}],"replies":[{"embeddable":true,"href":"https:\/\/revistazetta.com\/index.php?rest_route=%2Fwp%2Fv2%2Fcomments&post=15784"}],"version-history":[{"count":0,"href":"https:\/\/revistazetta.com\/index.php?rest_route=\/wp\/v2\/posts\/15784\/revisions"}],"wp:featuredmedia":[{"embeddable":true,"href":"https:\/\/revistazetta.com\/index.php?rest_route=\/wp\/v2\/media\/15788"}],"wp:attachment":[{"href":"https:\/\/revistazetta.com\/index.php?rest_route=%2Fwp%2Fv2%2Fmedia&parent=15784"}],"wp:term":[{"taxonomy":"category","embeddable":true,"href":"https:\/\/revistazetta.com\/index.php?rest_route=%2Fwp%2Fv2%2Fcategories&post=15784"},{"taxonomy":"post_tag","embeddable":true,"href":"https:\/\/revistazetta.com\/index.php?rest_route=%2Fwp%2Fv2%2Ftags&post=15784"}],"curies":[{"name":"wp","href":"https:\/\/api.w.org\/{rel}","templated":true}]}}