{"id":15795,"date":"2016-09-07T09:06:07","date_gmt":"2016-09-07T14:06:07","guid":{"rendered":"http:\/\/www.revistazetta.com\/?p=15795"},"modified":"2016-09-07T09:30:09","modified_gmt":"2016-09-07T14:30:09","slug":"nubia-la-espada-damocles-concejo","status":"publish","type":"post","link":"https:\/\/revistazetta.com\/?p=15795","title":{"rendered":"Nubia, la espada de Damocles sobre el Concejo"},"content":{"rendered":"<p>Dos veces se tomaron la foto. Dos veces la eligieron. Hoy est\u00e1n sancionados 16 concejales, pero la apelaci\u00f3n hace que el castigo no est\u00e9 en firme sino sea una espada de Damocles.<br \/>\nEl viernes continuar\u00e1 la audiencia para sustentar las apelaciones y luego a esperar la decisi\u00f3n de segunda instancia.<br \/>\n\u00bfPor qu\u00e9 se metieron en ese l\u00edo? Porque estrenaron una ley que les quit\u00f3 a los Tribunales la confecci\u00f3n de la terna para elegir Contralor, y el proceso qued\u00f3 en manos de cada Concejo o Asamblea de Colombia para elegir antes del 10 de enero.<br \/>\nEl Concejo que termin\u00f3 el a\u00f1o 2105, decidi\u00f3 hacer una convocatoria que terminar\u00eda en terna, con una mujer como m\u00ednimo. Esa mujer fue Nubia Fontalvo, que no pas\u00f3 el examen de conocimiento, pero fue incluida.<br \/>\nEl Concejo de 2016, conformado con los nuevos concejales elegidos en octubre pasado, vot\u00f3 y la eligi\u00f3. Una tutela hizo que se repitiera el proceso desde un punto, y el Concejo volvi\u00f3 a elegirla.<br \/>\nLos tres que no votaron por ella, est\u00e1n a salvo: Vicente Blel, Carlos Barrios y David Caballero. Contra ellos no se abri\u00f3 proceso disciplinario.<br \/>\nContra los otros 16, la Procuradur\u00eda estableci\u00f3 sanciones de suspensi\u00f3n entre seis y doce meses. Tambi\u00e9n contempl\u00f3 sanciones contra ex concejales que terminaron periodo en 2015.<br \/>\nEn la extenuante audiencia de m\u00e1s de seis horas, desde Bogot\u00e1, el procurador 2\u00ba Delegado para la Vigilancia Administrativa, Gustavo Adolfo Castro Capera, ley\u00f3 los 138 folios que sopesaron la conducta disciplinaria de 26 procesados.<br \/>\nEn Cartagena estaban atentos los abogados defensores de los encausados, reunidos en el Despacho del Procurador Regional, habilitado con un computador con enlace y c\u00e1maras de lado y lado:<br \/>\nLa veteran\u00edsima ex procuradora Amada Ojeda Torreglosa acompa\u00f1ada de su hija, representando a la gran mayor\u00eda de los procesados, como su viejo conocido David D\u00e1ger Lequerica; Wilson Toncel, que no est\u00e1 por su hom\u00f3nimo hijo sino por C\u00e9sar Pi\u00f3n; Melisa Jim\u00e9nez, apoderada de Erich Pi\u00f1a, y Marcel Mercado, el abogado de oficio para Pastor Jaramillo. Represent\u00e1ndose directamente estaban David M\u00fanera y Luis Guti\u00e9rrez.<br \/>\nEn general, la Procuradur\u00eda reproch\u00f3 el proceso de convocatoria, la terna, la inclusi\u00f3n de una mujer no calificada, y su elecci\u00f3n.<br \/>\nEn concepto del Ministerio P\u00fablico, les falt\u00f3 diligencia y eficiencia, incurrieron en falta grave; con m\u00e1s reproche para la Mesa Directiva (D\u00e1ger, L\u00f3pez y Toncel) al desconocer sus deberes funcionales.<br \/>\nEstas fueron las sanciones:<br \/>\nSeis meses a Saray Aguas, Boris Anaya, Alfredo D\u00edaz, Pastor Jaramillo, Rafael Meza, C\u00e9sar Pi\u00f3n, Luis Guti\u00e9rrez, David M\u00fanera, Hernando Trucco y Germ\u00e1n Zapata. (Concejales hasta 2015)<br \/>\nCon 6 meses: Zaith Adechine, Luis Cassiani, Javier Curi, Ronald Fortich, Ang\u00e9lica Hodeg, Edgar Mendoza, Erich Pi\u00f1a, Jorge Useche. (Concejales actuales).<br \/>\nCon 10 meses a Salim Guerra, Am\u00e9rico Mendoza, Lewis Montero, William P\u00e9rez, Duvinia Torres. (Concejales reelectos)<br \/>\nCon 10 meses a Wilson Toncel, con 11 meses a William L\u00f3pez, con 12 meses a David D\u00e1ger. (Mesa Directiva 2015)<\/p>\n","protected":false},"excerpt":{"rendered":"<p>Dos veces se tomaron la foto. Dos veces la eligieron. Hoy est\u00e1n sancionados 16 concejales, pero la apelaci\u00f3n hace que el castigo no est\u00e9 en firme sino sea una espada de Damocles. El viernes continuar\u00e1 la audiencia para sustentar las apelaciones y luego a esperar la decisi\u00f3n de segunda instancia. \u00bfPor qu\u00e9 se metieron en ese l\u00edo? Porque estrenaron una ley que les quit\u00f3 a los Tribunales la confecci\u00f3n de la terna para elegir Contralor, y el proceso qued\u00f3 en manos de cada Concejo o Asamblea de Colombia para elegir&#8230; <\/p>\n","protected":false},"author":3,"featured_media":15797,"comment_status":"open","ping_status":"closed","sticky":false,"template":"","format":"standard","meta":{"footnotes":"","_links_to":"","_links_to_target":""},"categories":[44,66,75],"tags":[],"class_list":["post-15795","post","type-post","status-publish","format-standard","has-post-thumbnail","hentry","category-materiagris","category-analisis","category-destacada"],"_links":{"self":[{"href":"https:\/\/revistazetta.com\/index.php?rest_route=\/wp\/v2\/posts\/15795","targetHints":{"allow":["GET"]}}],"collection":[{"href":"https:\/\/revistazetta.com\/index.php?rest_route=\/wp\/v2\/posts"}],"about":[{"href":"https:\/\/revistazetta.com\/index.php?rest_route=\/wp\/v2\/types\/post"}],"author":[{"embeddable":true,"href":"https:\/\/revistazetta.com\/index.php?rest_route=\/wp\/v2\/users\/3"}],"replies":[{"embeddable":true,"href":"https:\/\/revistazetta.com\/index.php?rest_route=%2Fwp%2Fv2%2Fcomments&post=15795"}],"version-history":[{"count":0,"href":"https:\/\/revistazetta.com\/index.php?rest_route=\/wp\/v2\/posts\/15795\/revisions"}],"wp:featuredmedia":[{"embeddable":true,"href":"https:\/\/revistazetta.com\/index.php?rest_route=\/wp\/v2\/media\/15797"}],"wp:attachment":[{"href":"https:\/\/revistazetta.com\/index.php?rest_route=%2Fwp%2Fv2%2Fmedia&parent=15795"}],"wp:term":[{"taxonomy":"category","embeddable":true,"href":"https:\/\/revistazetta.com\/index.php?rest_route=%2Fwp%2Fv2%2Fcategories&post=15795"},{"taxonomy":"post_tag","embeddable":true,"href":"https:\/\/revistazetta.com\/index.php?rest_route=%2Fwp%2Fv2%2Ftags&post=15795"}],"curies":[{"name":"wp","href":"https:\/\/api.w.org\/{rel}","templated":true}]}}