{"id":15799,"date":"2016-09-08T05:34:24","date_gmt":"2016-09-08T10:34:24","guid":{"rendered":"http:\/\/www.revistazetta.com\/?p=15799"},"modified":"2016-09-08T05:34:24","modified_gmt":"2016-09-08T10:34:24","slug":"coros-unibac-la-iglesia-san-pedro-claver","status":"publish","type":"post","link":"https:\/\/revistazetta.com\/?p=15799","title":{"rendered":"Coros de Unibac en la Iglesia de San Pedro Claver"},"content":{"rendered":"<p>Los coros Polif\u00f3nico y Free Voices de\u00a0la\u00a0Instituci\u00f3n Universitaria Bellas Artes y Ciencias de Bol\u00edvar (Unibac) ofrecer\u00e1n una funci\u00f3n musical este jueves 8 de septiembre, a las 6 de la tarde,\u00a0en la Iglesia de San Pedro Claver.<\/p>\n<p>&nbsp;<\/p>\n<p>Esta presentaci\u00f3n, abierta a todo p\u00fablico, hace parte del programa Sinfon\u00edas de Bol\u00edvar que lidera Unibac con el apoyo del gobierno del Bol\u00edvar S\u00ed Avanza, con la misi\u00f3n de acercar la m\u00fasica acad\u00e9mica al p\u00fablico cartagenero, y as\u00ed mismo, abrir espacios para que los nuevos grupos sinf\u00f3nicos y de c\u00e1mara del Conservatorio de M\u00fasica Adolfo Mej\u00eda, puedan mostrar su talento.<\/p>\n<p>&nbsp;<\/p>\n<p>El Coro Polif\u00f3nico que dirige el Maestro Fernando Carrillo, es una\u00a0agrupaci\u00f3n vocal conformada por los estudiantes de\u00a0quinto a d\u00e9cimo semestre de la c\u00e1tedra de Canto L\u00edrico del programa profesional de M\u00fasica de Unibac. El Coro maneja un diverso repertorio con obras referentes de la historia de la m\u00fasica que van desde el renacimiento hasta el folclor colombiano.<\/p>\n<p>&nbsp;<\/p>\n<p>Por su parte, el Coro Free Voices est\u00e1 integrado por estudiantes del Conservatorio de M\u00fasica Adolfo Mej\u00eda de Unibac dirigidos por el maestro \u00c1lvaro Mackenzie, quienes con su gran habilidad vocal han logrado convertirlo en uno de los coros m\u00e1s reconocidos de la regi\u00f3n. En 2014 y 2015 fueron invitados especiales del Festival de Jazz de Mompox.<\/p>\n","protected":false},"excerpt":{"rendered":"<p>Los coros Polif\u00f3nico y Free Voices de\u00a0la\u00a0Instituci\u00f3n Universitaria Bellas Artes y Ciencias de Bol\u00edvar (Unibac) ofrecer\u00e1n una funci\u00f3n musical este jueves 8 de septiembre, a las 6 de la tarde,\u00a0en la Iglesia de San Pedro Claver. &nbsp; Esta presentaci\u00f3n, abierta a todo p\u00fablico, hace parte del programa Sinfon\u00edas de Bol\u00edvar que lidera Unibac con el apoyo del gobierno del Bol\u00edvar S\u00ed Avanza, con la misi\u00f3n de acercar la m\u00fasica acad\u00e9mica al p\u00fablico cartagenero, y as\u00ed mismo, abrir espacios para que los nuevos grupos sinf\u00f3nicos y de c\u00e1mara del Conservatorio de&#8230; <\/p>\n","protected":false},"author":3,"featured_media":15820,"comment_status":"open","ping_status":"closed","sticky":false,"template":"","format":"standard","meta":{"footnotes":"","_links_to":"","_links_to_target":""},"categories":[75,41,43],"tags":[],"class_list":["post-15799","post","type-post","status-publish","format-standard","has-post-thumbnail","hentry","category-destacada","category-cultura","category-cultura-musica"],"_links":{"self":[{"href":"https:\/\/revistazetta.com\/index.php?rest_route=\/wp\/v2\/posts\/15799","targetHints":{"allow":["GET"]}}],"collection":[{"href":"https:\/\/revistazetta.com\/index.php?rest_route=\/wp\/v2\/posts"}],"about":[{"href":"https:\/\/revistazetta.com\/index.php?rest_route=\/wp\/v2\/types\/post"}],"author":[{"embeddable":true,"href":"https:\/\/revistazetta.com\/index.php?rest_route=\/wp\/v2\/users\/3"}],"replies":[{"embeddable":true,"href":"https:\/\/revistazetta.com\/index.php?rest_route=%2Fwp%2Fv2%2Fcomments&post=15799"}],"version-history":[{"count":0,"href":"https:\/\/revistazetta.com\/index.php?rest_route=\/wp\/v2\/posts\/15799\/revisions"}],"wp:featuredmedia":[{"embeddable":true,"href":"https:\/\/revistazetta.com\/index.php?rest_route=\/wp\/v2\/media\/15820"}],"wp:attachment":[{"href":"https:\/\/revistazetta.com\/index.php?rest_route=%2Fwp%2Fv2%2Fmedia&parent=15799"}],"wp:term":[{"taxonomy":"category","embeddable":true,"href":"https:\/\/revistazetta.com\/index.php?rest_route=%2Fwp%2Fv2%2Fcategories&post=15799"},{"taxonomy":"post_tag","embeddable":true,"href":"https:\/\/revistazetta.com\/index.php?rest_route=%2Fwp%2Fv2%2Ftags&post=15799"}],"curies":[{"name":"wp","href":"https:\/\/api.w.org\/{rel}","templated":true}]}}