{"id":15800,"date":"2016-09-08T05:23:42","date_gmt":"2016-09-08T10:23:42","guid":{"rendered":"http:\/\/www.revistazetta.com\/?p=15800"},"modified":"2016-09-08T05:23:42","modified_gmt":"2016-09-08T10:23:42","slug":"bolivar-fortalece-planes-accion-la-seguridad-convivencia-ciudadana","status":"publish","type":"post","link":"https:\/\/revistazetta.com\/?p=15800","title":{"rendered":"Bol\u00edvar fortalece planes  de acci\u00f3n para la seguridad y convivencia ciudadana"},"content":{"rendered":"<p>Con el fin de fortalecer los procesos de formulaci\u00f3n, implementaci\u00f3n y seguimiento de pol\u00edticas p\u00fablicas orientadas a proteger la integridad del ciudadano, se realiz\u00f3 este mi\u00e9rcoles en las instalaciones del Centro Administrativo Departamental el \u00abI taller Departamental de retos en gesti\u00f3n territorial para la paz\u00bb convocado por la Polic\u00eda Nacional, que cont\u00f3 con la presencia de V\u00edctor Arango, director de Seguridad Ciudadana y Convivencia departamental; Julio Moreno Su\u00e1rez, comandante departamental Polic\u00eda Bol\u00edvar; Edgar Rubiano Garz\u00f3n, delegado de la oficina de planeaci\u00f3n-programa de departamentos y municipios seguros; Wilson Gonz\u00e1lez, sub comandante MECAR; Ra\u00fal Hern\u00e1ndez, Procurador delegado para entidades territoriales;\u00a0 comandantes de estaci\u00f3n de la Polic\u00eda en los municipios, alcaldes y secretarios de gobierno municipales.<\/p>\n<p>&nbsp;<\/p>\n<p>El eje central del encuentro fue la elaboraci\u00f3n de los Planes Integrales de Seguridad y Convivencia Ciudadana \u2013PISCC- como una herramienta clave en la gesti\u00f3n territorial que contribuye a la focalizaci\u00f3n de esfuerzos entre la Polic\u00eda Nacional y las autoridades pol\u00edtico-administrativas.<\/p>\n<p><img loading=\"lazy\" decoding=\"async\" src=\"https:\/\/www.revistazetta.com\/wp-content\/uploads\/2016\/09\/BSC2-300x187.jpg\" alt=\"bsc2\" width=\"300\" height=\"187\" class=\"alignleft size-medium wp-image-15811\" srcset=\"https:\/\/revistazetta.com\/wp-content\/uploads\/2016\/09\/BSC2-300x187.jpg 300w, https:\/\/revistazetta.com\/wp-content\/uploads\/2016\/09\/BSC2-234x146.jpg 234w, https:\/\/revistazetta.com\/wp-content\/uploads\/2016\/09\/BSC2-50x31.jpg 50w, https:\/\/revistazetta.com\/wp-content\/uploads\/2016\/09\/BSC2-120x75.jpg 120w, https:\/\/revistazetta.com\/wp-content\/uploads\/2016\/09\/BSC2.jpg 570w\" sizes=\"auto, (max-width: 300px) 100vw, 300px\" \/><\/p>\n<p><img loading=\"lazy\" decoding=\"async\" src=\"https:\/\/www.revistazetta.com\/wp-content\/uploads\/2016\/09\/BSC1-300x187.jpg\" alt=\"bsc1\" width=\"300\" height=\"187\" class=\"alignleft size-medium wp-image-15810\" srcset=\"https:\/\/revistazetta.com\/wp-content\/uploads\/2016\/09\/BSC1-300x187.jpg 300w, https:\/\/revistazetta.com\/wp-content\/uploads\/2016\/09\/BSC1-234x146.jpg 234w, https:\/\/revistazetta.com\/wp-content\/uploads\/2016\/09\/BSC1-50x31.jpg 50w, https:\/\/revistazetta.com\/wp-content\/uploads\/2016\/09\/BSC1-120x75.jpg 120w, https:\/\/revistazetta.com\/wp-content\/uploads\/2016\/09\/BSC1.jpg 570w\" sizes=\"auto, (max-width: 300px) 100vw, 300px\" \/><\/p>\n<p><img loading=\"lazy\" decoding=\"async\" src=\"https:\/\/www.revistazetta.com\/wp-content\/uploads\/2016\/09\/BSC-300x187.jpg\" alt=\"bsc\" width=\"300\" height=\"187\" class=\"alignleft size-medium wp-image-15809\" srcset=\"https:\/\/revistazetta.com\/wp-content\/uploads\/2016\/09\/BSC-300x187.jpg 300w, https:\/\/revistazetta.com\/wp-content\/uploads\/2016\/09\/BSC-234x146.jpg 234w, https:\/\/revistazetta.com\/wp-content\/uploads\/2016\/09\/BSC-50x31.jpg 50w, https:\/\/revistazetta.com\/wp-content\/uploads\/2016\/09\/BSC-120x75.jpg 120w, https:\/\/revistazetta.com\/wp-content\/uploads\/2016\/09\/BSC.jpg 570w\" sizes=\"auto, (max-width: 300px) 100vw, 300px\" \/><br \/>\n&nbsp;<\/p>\n<p>\u201cBol\u00edvar va por buen camino, el trabajo de la secretar\u00eda del interior del departamento se ha ce\u00f1ido a las exigencias del DNP, de la Procuradur\u00eda, del Ministerio del interior y de la Polic\u00eda. Hemos integrado diversas herramientas para dar prioridad a los delitos y fen\u00f3menos sociales m\u00e1s recurrentes en el departamento para ser certeros y poder trabajar estas problem\u00e1ticas en miras a obtener unos buenos resultados\u201d, V\u00edctor Arango, director de seguridad y convivencia de Bol\u00edvar.<\/p>\n<p>&nbsp;<\/p>\n<p>Por su parte, Ra\u00fal Hern\u00e1ndez, procurador delegado para las entidades territoriales, hizo un llamado a los alcaldes y secretarios de gobierno municipales para que elaboren los PISCC y, de esta manera, garantizar la seguridad y la sana convivencia en los territorios.<\/p>\n<p>&nbsp;<\/p>\n<p><strong>\u00bfQu\u00e9 son los PISCC?<\/strong><\/p>\n<p>&nbsp;<\/p>\n<p>Los Planes Integrales de Seguridad y Convivencia Ciudadana son documentos de planeaci\u00f3n estrat\u00e9gica, que deben existir en todos los departamentos, distritos especiales y municipios del pa\u00eds. Deben contener estrategias, acciones y actividades que tengan como finalidad dar soluci\u00f3n a las problem\u00e1ticas de violencia y delincuencia que afectan a los ciudadanos, adem\u00e1s, de ser pensados como m\u00ednimo para los cuatro a\u00f1os correspondientes con el periodo de gobierno.<\/p>\n<p>&nbsp;<\/p>\n<p>\u201cSon la hoja de ruta para la seguridad en todos los municipios, el plan integral es simplemente un diagn\u00f3stico y un trabajo interinstitucional, articulado para mantener la seguridad y la convivencia en cada uno de los municipios\u201d, resalt\u00f3 Julio Moreno, comandante (e) de la Polic\u00eda de Bol\u00edvar.<\/p>\n<p>&nbsp;<\/p>\n<p>La Gobernaci\u00f3n de Bol\u00edvar ha venido articulando esfuerzos con los alcaldes y promoviendo este tipo de talleres para orientarlos en la elaboraci\u00f3n de los PISCC y hacer seguimiento para su posterior aprobaci\u00f3n, con un acompa\u00f1amiento constante y personalizado.<\/p>\n","protected":false},"excerpt":{"rendered":"<p>Con el fin de fortalecer los procesos de formulaci\u00f3n, implementaci\u00f3n y seguimiento de pol\u00edticas p\u00fablicas orientadas a proteger la integridad del ciudadano, se realiz\u00f3 este mi\u00e9rcoles en las instalaciones del Centro Administrativo Departamental el \u00abI taller Departamental de retos en gesti\u00f3n territorial para la paz\u00bb convocado por la Polic\u00eda Nacional, que cont\u00f3 con la presencia de V\u00edctor Arango, director de Seguridad Ciudadana y Convivencia departamental; Julio Moreno Su\u00e1rez, comandante departamental Polic\u00eda Bol\u00edvar; Edgar Rubiano Garz\u00f3n, delegado de la oficina de planeaci\u00f3n-programa de departamentos y municipios seguros; Wilson Gonz\u00e1lez, sub comandante&#8230; <\/p>\n","protected":false},"author":3,"featured_media":15819,"comment_status":"open","ping_status":"closed","sticky":false,"template":"","format":"standard","meta":{"footnotes":"","_links_to":"","_links_to_target":""},"categories":[2,33],"tags":[],"class_list":["post-15800","post","type-post","status-publish","format-standard","has-post-thumbnail","hentry","category-actualidad","category-actualidad-bolivar"],"_links":{"self":[{"href":"https:\/\/revistazetta.com\/index.php?rest_route=\/wp\/v2\/posts\/15800","targetHints":{"allow":["GET"]}}],"collection":[{"href":"https:\/\/revistazetta.com\/index.php?rest_route=\/wp\/v2\/posts"}],"about":[{"href":"https:\/\/revistazetta.com\/index.php?rest_route=\/wp\/v2\/types\/post"}],"author":[{"embeddable":true,"href":"https:\/\/revistazetta.com\/index.php?rest_route=\/wp\/v2\/users\/3"}],"replies":[{"embeddable":true,"href":"https:\/\/revistazetta.com\/index.php?rest_route=%2Fwp%2Fv2%2Fcomments&post=15800"}],"version-history":[{"count":0,"href":"https:\/\/revistazetta.com\/index.php?rest_route=\/wp\/v2\/posts\/15800\/revisions"}],"wp:featuredmedia":[{"embeddable":true,"href":"https:\/\/revistazetta.com\/index.php?rest_route=\/wp\/v2\/media\/15819"}],"wp:attachment":[{"href":"https:\/\/revistazetta.com\/index.php?rest_route=%2Fwp%2Fv2%2Fmedia&parent=15800"}],"wp:term":[{"taxonomy":"category","embeddable":true,"href":"https:\/\/revistazetta.com\/index.php?rest_route=%2Fwp%2Fv2%2Fcategories&post=15800"},{"taxonomy":"post_tag","embeddable":true,"href":"https:\/\/revistazetta.com\/index.php?rest_route=%2Fwp%2Fv2%2Ftags&post=15800"}],"curies":[{"name":"wp","href":"https:\/\/api.w.org\/{rel}","templated":true}]}}