{"id":15804,"date":"2016-09-07T17:26:10","date_gmt":"2016-09-07T22:26:10","guid":{"rendered":"http:\/\/www.revistazetta.com\/?p=15804"},"modified":"2016-09-07T17:26:10","modified_gmt":"2016-09-07T22:26:10","slug":"distrito-beneficia-294-jovenes-becas-del-fondo-bicentenario","status":"publish","type":"post","link":"https:\/\/revistazetta.com\/?p=15804","title":{"rendered":"Distrito beneficia a 294 j\u00f3venes con Becas del Fondo Bicentenario"},"content":{"rendered":"<p>El Distrito de Cartagena asegur\u00f3 la educaci\u00f3n superior a 294 j\u00f3venes que resultaron beneficiaros de las Becas Fondo Bicentenario, cuya ceremonia de entrega est\u00e1 prevista para este jueves 8 de septiembre en el auditorio central de la universidad de San Buenaventura.<\/p>\n<p>El alcalde de Cartagena, Manolo Duque, presidir\u00e1 la ceremonia y entregar\u00e1 a cada joven esta beca, que hace parte de la tercera convocatoria de Becas Fondo Bicentenario, para la que el gobierno de Primero la Gente apropi\u00f3 cerca de $4 mil millones.<\/p>\n<p>Los estudiantes beneficiados aseguran una carrera universitaria en cualquiera de las 12 instituciones vinculadas a este programa.<\/p>\n<p>\u201cLa educaci\u00f3n es prioridad para nosotros, es la principal herramienta para progresar y as\u00ed lo estamos ejecutando en el Plan de Desarrollo Primero la Gente\u201d, dijo el alcalde Duque.<\/p>\n<p>El secretario de Educaci\u00f3n Distrital, Germ\u00e1n Sierra Anaya, resalt\u00f3 la importancia social de estas becas, pues cobijan a j\u00f3venes provenientes de familias de escasos recursos econ\u00f3micos, y se constituyen en una verdadera soluci\u00f3n para emprender el camino de la educaci\u00f3n superior.<\/p>\n<p>En el programa de becas Fondo Bicentenario participan Universidad Tecnol\u00f3gica de Bol\u00edvar, Fundaci\u00f3n Universitaria Colombo Internacional,\u00a0Fundaci\u00f3n Tecnol\u00f3gica Antonio de Ar\u00e9valo (Tecnar), Corporaci\u00f3n Universitaria Rafael N\u00fa\u00f1ez, Universidad de San Buenaventura,\u00a0Instituci\u00f3n Universitaria Colegio Mayor de Bol\u00edvar, Fundaci\u00f3n Universitaria Tecnol\u00f3gico Comfenalco,\u00a0Universidad de Cartagena, Universidad Nacional Abierta y a Distancia (Unad), Fundaci\u00f3n Universitaria Los Libertadores, Instituci\u00f3n Universitaria de Bellas Artes y Ciencias de Bol\u00edvar (Unibac) y Universidad San Mateo.<\/p>\n<p>La selecci\u00f3n de los beneficiarios de la tercera convocatoria del programa Becas Bicentenario se cumpli\u00f3 a trav\u00e9s del Instituto Colombiano de Cr\u00e9dito Educativo y Estudios T\u00e9cnicos en el Exterior \u2013 ICETEX-.<\/p>\n<p>Este es un programa de cr\u00e9dito condonable, donde el Distrito asume el 75% de la matr\u00edcula y el otro 25% corre por cuenta de la instituci\u00f3n universitaria. El estudiante debe culminar sus estudios y graduarse, pues de lo contrario deber\u00e1 asumir el pago de los semestres cursados.<\/p>\n<p>Dentro de los requisitos exigidos, el estudiante debe ser egresado de colegios p\u00fablicos del Distrito de Cartagena, o de matr\u00edcula contratada, con un puntaje Sisben de 0 a 80 y dem\u00e1s requisitos del convenio.<\/p>\n<p style=\"text-align: justify;\">En la pasada convocatoria, correspondiente al primer semestre 2016, se destinaron casi $3 mil millones, que cobijaron beneficios para 305 estudiantes cartageneros.<\/p>\n","protected":false},"excerpt":{"rendered":"<p>El Distrito de Cartagena asegur\u00f3 la educaci\u00f3n superior a 294 j\u00f3venes que resultaron beneficiaros de las Becas Fondo Bicentenario, cuya ceremonia de entrega est\u00e1 prevista para este jueves 8 de septiembre en el auditorio central de la universidad de San Buenaventura. El alcalde de Cartagena, Manolo Duque, presidir\u00e1 la ceremonia y entregar\u00e1 a cada joven esta beca, que hace parte de la tercera convocatoria de Becas Fondo Bicentenario, para la que el gobierno de Primero la Gente apropi\u00f3 cerca de $4 mil millones. Los estudiantes beneficiados aseguran una carrera universitaria&#8230; <\/p>\n","protected":false},"author":3,"featured_media":0,"comment_status":"open","ping_status":"closed","sticky":false,"template":"","format":"standard","meta":{"footnotes":"","_links_to":"","_links_to_target":""},"categories":[32,85],"tags":[],"class_list":["post-15804","post","type-post","status-publish","format-standard","hentry","category-actualidad-distrito","category-cartagena"],"_links":{"self":[{"href":"https:\/\/revistazetta.com\/index.php?rest_route=\/wp\/v2\/posts\/15804","targetHints":{"allow":["GET"]}}],"collection":[{"href":"https:\/\/revistazetta.com\/index.php?rest_route=\/wp\/v2\/posts"}],"about":[{"href":"https:\/\/revistazetta.com\/index.php?rest_route=\/wp\/v2\/types\/post"}],"author":[{"embeddable":true,"href":"https:\/\/revistazetta.com\/index.php?rest_route=\/wp\/v2\/users\/3"}],"replies":[{"embeddable":true,"href":"https:\/\/revistazetta.com\/index.php?rest_route=%2Fwp%2Fv2%2Fcomments&post=15804"}],"version-history":[{"count":0,"href":"https:\/\/revistazetta.com\/index.php?rest_route=\/wp\/v2\/posts\/15804\/revisions"}],"wp:attachment":[{"href":"https:\/\/revistazetta.com\/index.php?rest_route=%2Fwp%2Fv2%2Fmedia&parent=15804"}],"wp:term":[{"taxonomy":"category","embeddable":true,"href":"https:\/\/revistazetta.com\/index.php?rest_route=%2Fwp%2Fv2%2Fcategories&post=15804"},{"taxonomy":"post_tag","embeddable":true,"href":"https:\/\/revistazetta.com\/index.php?rest_route=%2Fwp%2Fv2%2Ftags&post=15804"}],"curies":[{"name":"wp","href":"https:\/\/api.w.org\/{rel}","templated":true}]}}