{"id":15807,"date":"2016-09-08T05:36:23","date_gmt":"2016-09-08T10:36:23","guid":{"rendered":"http:\/\/www.revistazetta.com\/?p=15807"},"modified":"2016-09-08T05:36:23","modified_gmt":"2016-09-08T10:36:23","slug":"miercoles-gente-llego-al-barrio-alcibia","status":"publish","type":"post","link":"https:\/\/revistazetta.com\/?p=15807","title":{"rendered":"Mi\u00e9rcoles con mi Gente\u2019 lleg\u00f3 al barrio Alcibia"},"content":{"rendered":"<p>Un frente de seguridad equipado con seis c\u00e1maras de seguridad, alarmas y estaci\u00f3n de video, y la pavimentaci\u00f3n de varias calles, fueron los compromisos pactados por  el alcalde local de la Virgen y Tur\u00edstica, Gregorio Rico G\u00f3mez, en el marco del programa \u201cMi\u00e9rcoles con mi Gente\u201d realizado en Alcibia.<\/p>\n<p><img loading=\"lazy\" decoding=\"async\" src=\"https:\/\/www.revistazetta.com\/wp-content\/uploads\/2016\/09\/MGA1-300x187.jpg\" alt=\"mga1\" width=\"300\" height=\"187\" class=\"alignleft size-medium wp-image-15813\" srcset=\"https:\/\/revistazetta.com\/wp-content\/uploads\/2016\/09\/MGA1-300x187.jpg 300w, https:\/\/revistazetta.com\/wp-content\/uploads\/2016\/09\/MGA1-234x146.jpg 234w, https:\/\/revistazetta.com\/wp-content\/uploads\/2016\/09\/MGA1-50x31.jpg 50w, https:\/\/revistazetta.com\/wp-content\/uploads\/2016\/09\/MGA1-120x75.jpg 120w, https:\/\/revistazetta.com\/wp-content\/uploads\/2016\/09\/MGA1.jpg 570w\" sizes=\"auto, (max-width: 300px) 100vw, 300px\" \/><br \/>\n \u201cPara el alcalde Manolo Duque y mi persona es importante saber las necesidades de la gente y la mejor forma es estar en sus barrios, hablar personalmente con ellos, compartir con sus familias e interactuar con ellos. Lidero en mi localidad el programa \u2018Mi\u00e9rcoles con mi Gente\u2019, dise\u00f1ado precisamente para llegar a las comunidades. Hoy estuve con toda la Junta de Acci\u00f3n Comunal de Alcibia, un barrio tradicional de Cartagena, vimos diferentes obras de gran importancia para la comunidad y establecimos acciones inmediatas\u201d, expres\u00f3 Rico G\u00f3mez.<\/p>\n<p>Esta actividad se desarrollar\u00e1 todos los mi\u00e9rcoles en los diferentes barrios de la Localidad de la Virgen y Tur\u00edstica.  El pr\u00f3ximo 14 de septiembre el alcalde local, Gregorio Rico, estar\u00e1 con las comunidades de Olaya sectores La Central y Ricaurte.<\/p>\n","protected":false},"excerpt":{"rendered":"<p>Un frente de seguridad equipado con seis c\u00e1maras de seguridad, alarmas y estaci\u00f3n de video, y la pavimentaci\u00f3n de varias calles, fueron los compromisos pactados por el alcalde local de la Virgen y Tur\u00edstica, Gregorio Rico G\u00f3mez, en el marco del programa \u201cMi\u00e9rcoles con mi Gente\u201d realizado en Alcibia. \u201cPara el alcalde Manolo Duque y mi persona es importante saber las necesidades de la gente y la mejor forma es estar en sus barrios, hablar personalmente con ellos, compartir con sus familias e interactuar con ellos. Lidero en mi localidad&#8230; <\/p>\n","protected":false},"author":3,"featured_media":15815,"comment_status":"open","ping_status":"closed","sticky":false,"template":"","format":"standard","meta":{"footnotes":"","_links_to":"","_links_to_target":""},"categories":[2,32],"tags":[],"class_list":["post-15807","post","type-post","status-publish","format-standard","has-post-thumbnail","hentry","category-actualidad","category-actualidad-distrito"],"_links":{"self":[{"href":"https:\/\/revistazetta.com\/index.php?rest_route=\/wp\/v2\/posts\/15807","targetHints":{"allow":["GET"]}}],"collection":[{"href":"https:\/\/revistazetta.com\/index.php?rest_route=\/wp\/v2\/posts"}],"about":[{"href":"https:\/\/revistazetta.com\/index.php?rest_route=\/wp\/v2\/types\/post"}],"author":[{"embeddable":true,"href":"https:\/\/revistazetta.com\/index.php?rest_route=\/wp\/v2\/users\/3"}],"replies":[{"embeddable":true,"href":"https:\/\/revistazetta.com\/index.php?rest_route=%2Fwp%2Fv2%2Fcomments&post=15807"}],"version-history":[{"count":0,"href":"https:\/\/revistazetta.com\/index.php?rest_route=\/wp\/v2\/posts\/15807\/revisions"}],"wp:featuredmedia":[{"embeddable":true,"href":"https:\/\/revistazetta.com\/index.php?rest_route=\/wp\/v2\/media\/15815"}],"wp:attachment":[{"href":"https:\/\/revistazetta.com\/index.php?rest_route=%2Fwp%2Fv2%2Fmedia&parent=15807"}],"wp:term":[{"taxonomy":"category","embeddable":true,"href":"https:\/\/revistazetta.com\/index.php?rest_route=%2Fwp%2Fv2%2Fcategories&post=15807"},{"taxonomy":"post_tag","embeddable":true,"href":"https:\/\/revistazetta.com\/index.php?rest_route=%2Fwp%2Fv2%2Ftags&post=15807"}],"curies":[{"name":"wp","href":"https:\/\/api.w.org\/{rel}","templated":true}]}}