{"id":15852,"date":"2016-09-09T06:18:27","date_gmt":"2016-09-09T11:18:27","guid":{"rendered":"http:\/\/www.revistazetta.com\/?p=15852"},"modified":"2016-09-09T06:18:27","modified_gmt":"2016-09-09T11:18:27","slug":"fondo-del-agua-serviria-poder-llevar-agua-potable-las-islas","status":"publish","type":"post","link":"https:\/\/revistazetta.com\/?p=15852","title":{"rendered":"Fondo del Agua servir\u00eda para poder llevar agua potable a las islas"},"content":{"rendered":"<p>\u201cEsperamos que con el Fondo de Agua, podamos apalancar financieramente la soluci\u00f3n a una demanda hist\u00f3rica de los habitantes de nuestras islas: poder contar con el suministro  de agua potable las 24 horas del d\u00eda\u201d.<\/p>\n<p>As\u00ed se lo dijo este jueves el alcalde Manolo Duque al ministro de Ambiente, Luis Gilberto Murillo, durante el acto de la firma de acuerdo de cooperaci\u00f3n para la creaci\u00f3n del Fondo de Agua de Cartagena.<br \/>\n<img loading=\"lazy\" decoding=\"async\" src=\"https:\/\/www.revistazetta.com\/wp-content\/uploads\/2016\/09\/FDA1-300x187.jpg\" alt=\"fda1\" width=\"300\" height=\"187\" class=\"alignleft size-medium wp-image-15854\" srcset=\"https:\/\/revistazetta.com\/wp-content\/uploads\/2016\/09\/FDA1-300x187.jpg 300w, https:\/\/revistazetta.com\/wp-content\/uploads\/2016\/09\/FDA1-234x146.jpg 234w, https:\/\/revistazetta.com\/wp-content\/uploads\/2016\/09\/FDA1-50x31.jpg 50w, https:\/\/revistazetta.com\/wp-content\/uploads\/2016\/09\/FDA1-120x75.jpg 120w, https:\/\/revistazetta.com\/wp-content\/uploads\/2016\/09\/FDA1.jpg 570w\" sizes=\"auto, (max-width: 300px) 100vw, 300px\" \/><\/p>\n<p><img loading=\"lazy\" decoding=\"async\" src=\"https:\/\/www.revistazetta.com\/wp-content\/uploads\/2016\/09\/FDA-300x187.jpg\" alt=\"fda\" width=\"300\" height=\"187\" class=\"alignleft size-medium wp-image-15853\" srcset=\"https:\/\/revistazetta.com\/wp-content\/uploads\/2016\/09\/FDA-300x187.jpg 300w, https:\/\/revistazetta.com\/wp-content\/uploads\/2016\/09\/FDA-234x146.jpg 234w, https:\/\/revistazetta.com\/wp-content\/uploads\/2016\/09\/FDA-50x31.jpg 50w, https:\/\/revistazetta.com\/wp-content\/uploads\/2016\/09\/FDA-120x75.jpg 120w, https:\/\/revistazetta.com\/wp-content\/uploads\/2016\/09\/FDA.jpg 570w\" sizes=\"auto, (max-width: 300px) 100vw, 300px\" \/><\/p>\n<p>\u201ces un mecanismo mediante el cual se canalizar\u00e1n aportes no solo del sector p\u00fablico y privado nacional, sino de parte de la cooperaci\u00f3n internacional para invertir en proyectos de conservaci\u00f3n que nos garanticen  la calidad, disponibilidad de agua y manejo de los cuerpos abastecedores\u201d. asegur\u00f3 el mandatario.<\/p>\n<p>El alcalde aprovech\u00f3 adem\u00e1s para resaltar el hecho de que el suyo, es el \u00fanico gobierno que ha puesto de presente el clima como factor fundamental de desarrollo presente y futuro, incluido como prioridad dentro del Plan de Desarrollo Primero la Gente.<\/p>\n<p>\u201cTenemos un Plan de Adaptaci\u00f3n al cambio Clim\u00e1tico,  denominado Plan 4C, Cartagena Competitiva y Compatible con el Clima, que es la hoja de ruta para lograr una Cartagena  capaz de enfrentar los riesgos que  se prev\u00e9n  ante este fen\u00f3meno, puesto que el escenario m\u00e1s conservador pronostica que cerca del 27% de nuestra poblaci\u00f3n, as\u00ed como el 86 % del patrimonio hist\u00f3rico,  26% de la infraestructura vial, y 28% de nuestra industria estar\u00eda bajo amenaza de inundaci\u00f3n a 2030\u201d, explic\u00f3 el mandatario.<\/p>\n","protected":false},"excerpt":{"rendered":"<p>\u201cEsperamos que con el Fondo de Agua, podamos apalancar financieramente la soluci\u00f3n a una demanda hist\u00f3rica de los habitantes de nuestras islas: poder contar con el suministro de agua potable las 24 horas del d\u00eda\u201d. As\u00ed se lo dijo este jueves el alcalde Manolo Duque al ministro de Ambiente, Luis Gilberto Murillo, durante el acto de la firma de acuerdo de cooperaci\u00f3n para la creaci\u00f3n del Fondo de Agua de Cartagena. \u201ces un mecanismo mediante el cual se canalizar\u00e1n aportes no solo del sector p\u00fablico y privado nacional, sino de&#8230; <\/p>\n","protected":false},"author":3,"featured_media":15855,"comment_status":"open","ping_status":"closed","sticky":false,"template":"","format":"standard","meta":{"footnotes":"","_links_to":"","_links_to_target":""},"categories":[2,85,75,32],"tags":[],"class_list":["post-15852","post","type-post","status-publish","format-standard","has-post-thumbnail","hentry","category-actualidad","category-cartagena","category-destacada","category-actualidad-distrito"],"_links":{"self":[{"href":"https:\/\/revistazetta.com\/index.php?rest_route=\/wp\/v2\/posts\/15852","targetHints":{"allow":["GET"]}}],"collection":[{"href":"https:\/\/revistazetta.com\/index.php?rest_route=\/wp\/v2\/posts"}],"about":[{"href":"https:\/\/revistazetta.com\/index.php?rest_route=\/wp\/v2\/types\/post"}],"author":[{"embeddable":true,"href":"https:\/\/revistazetta.com\/index.php?rest_route=\/wp\/v2\/users\/3"}],"replies":[{"embeddable":true,"href":"https:\/\/revistazetta.com\/index.php?rest_route=%2Fwp%2Fv2%2Fcomments&post=15852"}],"version-history":[{"count":0,"href":"https:\/\/revistazetta.com\/index.php?rest_route=\/wp\/v2\/posts\/15852\/revisions"}],"wp:featuredmedia":[{"embeddable":true,"href":"https:\/\/revistazetta.com\/index.php?rest_route=\/wp\/v2\/media\/15855"}],"wp:attachment":[{"href":"https:\/\/revistazetta.com\/index.php?rest_route=%2Fwp%2Fv2%2Fmedia&parent=15852"}],"wp:term":[{"taxonomy":"category","embeddable":true,"href":"https:\/\/revistazetta.com\/index.php?rest_route=%2Fwp%2Fv2%2Fcategories&post=15852"},{"taxonomy":"post_tag","embeddable":true,"href":"https:\/\/revistazetta.com\/index.php?rest_route=%2Fwp%2Fv2%2Ftags&post=15852"}],"curies":[{"name":"wp","href":"https:\/\/api.w.org\/{rel}","templated":true}]}}