{"id":15856,"date":"2016-09-09T14:58:17","date_gmt":"2016-09-09T19:58:17","guid":{"rendered":"http:\/\/www.revistazetta.com\/?p=15856"},"modified":"2016-09-09T14:58:41","modified_gmt":"2016-09-09T19:58:41","slug":"nuevo-endriago-nos-quedaremos-sin-concejo-distrital","status":"publish","type":"post","link":"https:\/\/revistazetta.com\/?p=15856","title":{"rendered":"Un nuevo endriago\u2026 nos quedaremos sin Concejo Distrital"},"content":{"rendered":"<p><strong>Por Fabio Castellanos Herrera (Especial para Revista Zetta).-<\/strong>\u00a0Esta semana el mundillo pol\u00edtico local se vio conmocionado por la suspensi\u00f3n por parte de la Procuradur\u00eda General de la Naci\u00f3n, de 16 honorables concejales y exconcejales. La raz\u00f3n, el \u201cdesacertado\u201d manejo de la escogencia de los organismos de control local.<\/p>\n<p>La ciudad de Cartagena y el Concejo Distrital pudo evitarse este desgaste pol\u00edtico, institucional y jur\u00eddico, si los concejales que terminaron el periodo el 2015 y en especial la Mesa Directiva, hubiesen realizado un proceso de escogencia ajustado al principio de legalidad y los criterios buscados por el legislador y que de forma caprichosa y a sabiendas de los mismos, se apartaron de estos.<\/p>\n<p>El fallo de primera instancia confirm\u00f3 lo que todo el mundo rumoraba, hubo trampa y trinca en esta escogencia. Ahora este fallo que es de primera instancia y que fue proferido por el Procurador 2 Delegado para la Contrataci\u00f3n Estatal, en virtud a la designaci\u00f3n de <strong>FUNCIONARIO ESPECIAL<\/strong> que hiciera el Procurador General de la Naci\u00f3n, por los ruidos de <strong>GRAVES INTERFERENCIAS<\/strong> ante el funcionario local que adelant\u00f3 inicialmente la investigaci\u00f3n y-que toca decirlo, fue <strong>BENIGNO<\/strong> con la calificaci\u00f3n de <strong>GRAVE<\/strong> de la conducta, ya que si hubiese calificado de <strong>GRAVISIMIA<\/strong>, la sanci\u00f3n seria de <strong>DESTITUCION<\/strong>&#8211; queda suspendido, hasta tanto la <strong>SALA DISCIPLINARIA<\/strong> de la Procuradur\u00eda General de la Naci\u00f3n, no resuelva la apelaci\u00f3n.<\/p>\n<p>Los efectos del fallo no se har\u00e1n esperar y seguro continuar\u00e1 un debate posterior: \u00bfSe puede reemplazar <strong>TEMPORALMENTE<\/strong> a los concejales que fueron <strong>SUSPENDIDOS,<\/strong> unos 6 meses, otros 10 meses y otros \u2013 entre estos su flamante ex presidente David D\u00e1ger Lequerica- por 12 meses? Si leemos el Art\u00edculo 134 del la Constituci\u00f3n Pol\u00edtica, el cual fue modificado por el Acto Legislativo del 2015, se puede concluir que NO existe reemplazo para las <strong>FALTAS TEMPORALES<\/strong>, toda vez que la norma constitucional <strong>SOLO<\/strong> permite el reemplazo temporal por dos causales: <strong>LICENCIA DE<\/strong> <strong>MATERNIDAD Y MEDIDA DE ASEGURAMIENTO<\/strong> por delitos distintos a los de corrupci\u00f3n o conciertos para delinquir, entre otros.<\/p>\n<p>Aunque la Ley 136 de 1994 define que la suspensi\u00f3n de la Procuradur\u00eda es una causal de <strong>FALTA TEMPORAL<\/strong>, la norma que defin\u00eda el mecanismo de reemplazo fue declarada inexequible y con esto, se enred\u00f3 la cuesti\u00f3n y, como dicen los j\u00f3venes, \u201cCocacola mata tinto\u201d, es decir Constituci\u00f3n \u201cmata\u201d ley.<\/p>\n<p>Estamos, de llegarse a confirmar el fallo, ante el escenario de que Cartagena <strong>NO TENGA<\/strong> Concejo Distrital para aprobar <strong>PRESUPUESTO,<\/strong> para aprobar <strong>POT <\/strong>y en fin, todo tipo de actuaciones que son competencia de los Concejos, al solo quedar TRES CONCEJALES sin la medida.<\/p>\n<p>\u00bfEra necesario esto? \u00bfNo debe la ciudadan\u00eda ya reaccionar ante semejante I<strong>RRESPONSABILIDAD<\/strong> por parte de unos cuantos, que privilegian los intereses personales y grupales, a los de la ciudad? Estas son las reflexiones que deben hacerse. Los problemas de las empresas no son solo de los gerentes, es claro que si no existe una competente <strong>JUNTA DIRECTIVA<\/strong>, la empresa est\u00e1 destinada a fracasar y si asimilamos este organigrama a nuestra mayor <strong>EMPRESA LOCAL<\/strong>, el Distrito, pues saquemos las conclusiones.<\/p>\n<p>Por ello, pese a que los servidores tienen gran responsabilidad, siempre consider\u00e9 que la investigaci\u00f3n deb\u00eda recaer en el Presidente de la Corporaci\u00f3n, quien fue el que \u201cLIDER\u00d3\u201d el proceso de escogencia de los \u00f3rganos de control. Amanecer\u00e1 y veremos c\u00f3mo queda esta nueva tragicomedia de Cartagena. Seguro seremos nuevamente la comidilla nacional, como si ya no fuera suficiente con los endriagos que existen.<\/p>\n<p>&nbsp;<\/p>\n<p>FABIO YEZID CASTELLANOS HERRERA<\/p>\n<p>ABOGADO y DOCENTE<\/p>\n<p>Mail: fchabogados@gmail.com<\/p>\n","protected":false},"excerpt":{"rendered":"<p>Por Fabio Castellanos Herrera (Especial para Revista Zetta).-\u00a0Esta semana el mundillo pol\u00edtico local se vio conmocionado por la suspensi\u00f3n por parte de la Procuradur\u00eda General de la Naci\u00f3n, de 16 honorables concejales y exconcejales. La raz\u00f3n, el \u201cdesacertado\u201d manejo de la escogencia de los organismos de control local. La ciudad de Cartagena y el Concejo Distrital pudo evitarse este desgaste pol\u00edtico, institucional y jur\u00eddico, si los concejales que terminaron el periodo el 2015 y en especial la Mesa Directiva, hubiesen realizado un proceso de escogencia ajustado al principio de legalidad&#8230; <\/p>\n","protected":false},"author":3,"featured_media":15857,"comment_status":"open","ping_status":"closed","sticky":false,"template":"","format":"standard","meta":{"footnotes":"","_links_to":"","_links_to_target":""},"categories":[75,44,65],"tags":[],"class_list":["post-15856","post","type-post","status-publish","format-standard","has-post-thumbnail","hentry","category-destacada","category-materiagris","category-opinion"],"_links":{"self":[{"href":"https:\/\/revistazetta.com\/index.php?rest_route=\/wp\/v2\/posts\/15856","targetHints":{"allow":["GET"]}}],"collection":[{"href":"https:\/\/revistazetta.com\/index.php?rest_route=\/wp\/v2\/posts"}],"about":[{"href":"https:\/\/revistazetta.com\/index.php?rest_route=\/wp\/v2\/types\/post"}],"author":[{"embeddable":true,"href":"https:\/\/revistazetta.com\/index.php?rest_route=\/wp\/v2\/users\/3"}],"replies":[{"embeddable":true,"href":"https:\/\/revistazetta.com\/index.php?rest_route=%2Fwp%2Fv2%2Fcomments&post=15856"}],"version-history":[{"count":0,"href":"https:\/\/revistazetta.com\/index.php?rest_route=\/wp\/v2\/posts\/15856\/revisions"}],"wp:featuredmedia":[{"embeddable":true,"href":"https:\/\/revistazetta.com\/index.php?rest_route=\/wp\/v2\/media\/15857"}],"wp:attachment":[{"href":"https:\/\/revistazetta.com\/index.php?rest_route=%2Fwp%2Fv2%2Fmedia&parent=15856"}],"wp:term":[{"taxonomy":"category","embeddable":true,"href":"https:\/\/revistazetta.com\/index.php?rest_route=%2Fwp%2Fv2%2Fcategories&post=15856"},{"taxonomy":"post_tag","embeddable":true,"href":"https:\/\/revistazetta.com\/index.php?rest_route=%2Fwp%2Fv2%2Ftags&post=15856"}],"curies":[{"name":"wp","href":"https:\/\/api.w.org\/{rel}","templated":true}]}}