{"id":15858,"date":"2016-09-09T15:05:48","date_gmt":"2016-09-09T20:05:48","guid":{"rendered":"http:\/\/www.revistazetta.com\/?p=15858"},"modified":"2016-09-09T15:05:48","modified_gmt":"2016-09-09T20:05:48","slug":"maestro-gustavo-velez-lanza-libro-esculturas-cartagena","status":"publish","type":"post","link":"https:\/\/revistazetta.com\/?p=15858","title":{"rendered":"El maestro Gustavo V\u00e9lez  lanza su libro de esculturas en Cartagena"},"content":{"rendered":"<p>El reconocido escultor colombiano Gustavo V\u00e9lez (Medell\u00edn, Colombia 1975) presentar\u00e1  en la C\u00e1mara de Comercio de Cartagena  este 9 de septiembre el lanzamiento de un libro de colecci\u00f3n que muestra el recorrido fotogr\u00e1fico  de 17 esculturas monumentales y 31 en mediano formato exhibidas en distintos escenarios representativos de la ciudad.<\/p>\n<p>El artista qui\u00e9n se ha destacado por su trabajo con el acero, el m\u00e1rmol y el bronce muestra  en esta recopilaci\u00f3n sus m\u00e1s ex\u00f3ticas  figuras expuestas desde diciembre de 2015 y captadas por el lente del fot\u00f3grafo Roberto Granger qui\u00e9n plasm\u00f3 en cada imagen el sentido de su obra puesta en plazas, baluartes, claustros, museos y avenidas de Cartagena.<\/p>\n<p>La exposici\u00f3n en la que participaron su esposa Andrea Betancourt,  el grupo Conservar en la parte log\u00edstica y  Luis Guillermo y Elvira Moreno, galeristas  de LGM Arte Internacional y su curadora Mar\u00eda del Pilar Rodr\u00edguez demuestran el gran esfuerzo de todo un equipo detr\u00e1s de su obra.<\/p>\n<p>\u201cCurar la escultura de Gustavo V\u00e9lez en Cartagena de Indias ha sido una experiencia polifac\u00e9tica, un reto para el que se hizo perentorio sumergirme entre los dos hechos est\u00e9ticos que en esta exposici\u00f3n se dan cita: La inconmensurable belleza de la ciudad hist\u00f3rica, sus monumentos, sus calles y la armon\u00eda exacta contempor\u00e1nea y po\u00e9tica de la obra del brillante escultor colombiano. Es un dialogo realmente fascinante.\u201d manifest\u00f3 Rodr\u00edguez.<\/p>\n<p>La publicaci\u00f3n que sale a la luz gracias al apoyo de la Alcald\u00eda de Cartagena de Indias, LGM Galer\u00eda, Hotel Caribe y la C\u00e1mara de Comercio de Cartagena, quien le apuesta al fortalecimiento de la industria cultural y el desarrollo de la econom\u00eda naranja local.<\/p>\n<p>\u201cEsta exposici\u00f3n en nuestro espacio p\u00fablico es una invitaci\u00f3n a reflexionar a fondo sobre nuestra condici\u00f3n de ciudad para la vida, desde el impacto en el imaginario colectivo y el llamado a la construcci\u00f3n ciudadana en la que todos podamos aportar a la promoci\u00f3n de Cartagena como una plaza universal de destino tur\u00edstico y cultural\u201d \u00b4precis\u00f3 Presidenta Ejecutiva de la C\u00e1mara de Comercio Mar\u00eda Claudia P\u00e1ez.<\/p>\n","protected":false},"excerpt":{"rendered":"<p>El reconocido escultor colombiano Gustavo V\u00e9lez (Medell\u00edn, Colombia 1975) presentar\u00e1 en la C\u00e1mara de Comercio de Cartagena este 9 de septiembre el lanzamiento de un libro de colecci\u00f3n que muestra el recorrido fotogr\u00e1fico de 17 esculturas monumentales y 31 en mediano formato exhibidas en distintos escenarios representativos de la ciudad. El artista qui\u00e9n se ha destacado por su trabajo con el acero, el m\u00e1rmol y el bronce muestra en esta recopilaci\u00f3n sus m\u00e1s ex\u00f3ticas figuras expuestas desde diciembre de 2015 y captadas por el lente del fot\u00f3grafo Roberto Granger qui\u00e9n&#8230; <\/p>\n","protected":false},"author":3,"featured_media":0,"comment_status":"open","ping_status":"closed","sticky":false,"template":"","format":"standard","meta":{"footnotes":"","_links_to":"","_links_to_target":""},"categories":[2,81,41],"tags":[],"class_list":["post-15858","post","type-post","status-publish","format-standard","hentry","category-actualidad","category-camara","category-cultura"],"_links":{"self":[{"href":"https:\/\/revistazetta.com\/index.php?rest_route=\/wp\/v2\/posts\/15858","targetHints":{"allow":["GET"]}}],"collection":[{"href":"https:\/\/revistazetta.com\/index.php?rest_route=\/wp\/v2\/posts"}],"about":[{"href":"https:\/\/revistazetta.com\/index.php?rest_route=\/wp\/v2\/types\/post"}],"author":[{"embeddable":true,"href":"https:\/\/revistazetta.com\/index.php?rest_route=\/wp\/v2\/users\/3"}],"replies":[{"embeddable":true,"href":"https:\/\/revistazetta.com\/index.php?rest_route=%2Fwp%2Fv2%2Fcomments&post=15858"}],"version-history":[{"count":0,"href":"https:\/\/revistazetta.com\/index.php?rest_route=\/wp\/v2\/posts\/15858\/revisions"}],"wp:attachment":[{"href":"https:\/\/revistazetta.com\/index.php?rest_route=%2Fwp%2Fv2%2Fmedia&parent=15858"}],"wp:term":[{"taxonomy":"category","embeddable":true,"href":"https:\/\/revistazetta.com\/index.php?rest_route=%2Fwp%2Fv2%2Fcategories&post=15858"},{"taxonomy":"post_tag","embeddable":true,"href":"https:\/\/revistazetta.com\/index.php?rest_route=%2Fwp%2Fv2%2Ftags&post=15858"}],"curies":[{"name":"wp","href":"https:\/\/api.w.org\/{rel}","templated":true}]}}