{"id":15859,"date":"2016-09-09T15:05:15","date_gmt":"2016-09-09T20:05:15","guid":{"rendered":"http:\/\/www.revistazetta.com\/?p=15859"},"modified":"2016-09-12T06:56:49","modified_gmt":"2016-09-12T11:56:49","slug":"comfamiliarizate-feria-servicios-atencion-al-usuario","status":"publish","type":"post","link":"https:\/\/revistazetta.com\/?p=15859","title":{"rendered":"Comfamiliar\u00edzate: Feria de Servicios y Atenci\u00f3n al Usuario"},"content":{"rendered":"<blockquote>\n<h4><em>&#8211; Comfamiliar tiene programada la realizaci\u00f3n de 15 Ferias en Cartagena y Bol\u00edvar y en cada una proyecta atender cerca de 1.500 usuarios de la Caja de compensaci\u00f3n y su EPS del r\u00e9gimen subsidiado.<\/em><\/h4>\n<h4><em>&#8211; La primera actividad se realizar\u00e1 este s\u00e1bado 10 de septiembre, en la Cancha de Microf\u00fatbol de Blas de Lezo (frente al Plan 400) y el domingo se beneficiar\u00e1n los afiliados de Bayunca, donde Comfamiliar har\u00e1 presencia en la Instituci\u00f3n Educativa de dicho corregimiento, de 8 a. m. a 12 del mediod\u00eda.<\/em><\/h4>\n<\/blockquote>\n<p>Firme en el prop\u00f3sito de brindar la mejor atenci\u00f3n a sus afiliados, Comfamiliar inaugura este s\u00e1bado 10 de septiembre, un ciclo de Ferias de Servicios que llevar\u00e1 a diferentes barrios de Cartagena y municipios del departamento de Bol\u00edvar, todos los beneficios de sus programas.<\/p>\n<p>Con su descentralizaci\u00f3n, Comfamiliar llegar\u00e1 al coraz\u00f3n de sus afiliados siguiendo el plan de mejoramiento que actualmente desarrolla en pro de su recuperaci\u00f3n y posicionamiento como la Caja de Compensaci\u00f3n m\u00e1s querida de Cartagena y Bol\u00edvar.<\/p>\n<p>Comfamiliar\u00edzate, Feria de Servicios y Atenci\u00f3n al Usuario se trasladar\u00e1 a las comunidades ofreci\u00e9ndole a sus afiliados la oportunidad de inscribirse en programas de emprendimiento y cursos de capacitaci\u00f3n de la Agencia de Empleo (Fosfec), participaci\u00f3n en charlas y atenci\u00f3n en salud del programa Foni\u00f1ez.<\/p>\n<p>Adem\u00e1s, la comunidad visitada podr\u00e1 expresar sus peticiones, requerimientos y felicitaciones en nuestra \u00e1rea de Servicios y Atenci\u00f3n al Cliente que har\u00e1 importante presencia en todas nuestras Ferias.<\/p>\n<p><strong>S\u00e1bado y domingo<\/strong><\/p>\n<p>El s\u00e1bado, a partir de las 8 de la ma\u00f1ana y hasta el mediod\u00eda, Comfamiliar\u00edzate Feria de Servicios y Atenci\u00f3n al Usuario se encontrar\u00e1 en la cancha de microf\u00fatbol de Blas de Lezo, frente al Plan 400 y el domingo, en el mismo horario, en la Instituci\u00f3n Educativa del corregimiento de Bayunca.<\/p>\n","protected":false},"excerpt":{"rendered":"<p>&#8211; Comfamiliar tiene programada la realizaci\u00f3n de 15 Ferias en Cartagena y Bol\u00edvar y en cada una proyecta atender cerca de 1.500 usuarios de la Caja de compensaci\u00f3n y su EPS del r\u00e9gimen subsidiado. &#8211; La primera actividad se realizar\u00e1 este s\u00e1bado 10 de septiembre, en la Cancha de Microf\u00fatbol de Blas de Lezo (frente al Plan 400) y el domingo se beneficiar\u00e1n los afiliados de Bayunca, donde Comfamiliar har\u00e1 presencia en la Instituci\u00f3n Educativa de dicho corregimiento, de 8 a. m. a 12 del mediod\u00eda. Firme en el prop\u00f3sito&#8230; <\/p>\n","protected":false},"author":3,"featured_media":15866,"comment_status":"open","ping_status":"closed","sticky":false,"template":"","format":"standard","meta":{"footnotes":"","_links_to":"","_links_to_target":""},"categories":[2,75],"tags":[],"class_list":["post-15859","post","type-post","status-publish","format-standard","has-post-thumbnail","hentry","category-actualidad","category-destacada"],"_links":{"self":[{"href":"https:\/\/revistazetta.com\/index.php?rest_route=\/wp\/v2\/posts\/15859","targetHints":{"allow":["GET"]}}],"collection":[{"href":"https:\/\/revistazetta.com\/index.php?rest_route=\/wp\/v2\/posts"}],"about":[{"href":"https:\/\/revistazetta.com\/index.php?rest_route=\/wp\/v2\/types\/post"}],"author":[{"embeddable":true,"href":"https:\/\/revistazetta.com\/index.php?rest_route=\/wp\/v2\/users\/3"}],"replies":[{"embeddable":true,"href":"https:\/\/revistazetta.com\/index.php?rest_route=%2Fwp%2Fv2%2Fcomments&post=15859"}],"version-history":[{"count":0,"href":"https:\/\/revistazetta.com\/index.php?rest_route=\/wp\/v2\/posts\/15859\/revisions"}],"wp:featuredmedia":[{"embeddable":true,"href":"https:\/\/revistazetta.com\/index.php?rest_route=\/wp\/v2\/media\/15866"}],"wp:attachment":[{"href":"https:\/\/revistazetta.com\/index.php?rest_route=%2Fwp%2Fv2%2Fmedia&parent=15859"}],"wp:term":[{"taxonomy":"category","embeddable":true,"href":"https:\/\/revistazetta.com\/index.php?rest_route=%2Fwp%2Fv2%2Fcategories&post=15859"},{"taxonomy":"post_tag","embeddable":true,"href":"https:\/\/revistazetta.com\/index.php?rest_route=%2Fwp%2Fv2%2Ftags&post=15859"}],"curies":[{"name":"wp","href":"https:\/\/api.w.org\/{rel}","templated":true}]}}