{"id":15863,"date":"2016-09-09T15:20:56","date_gmt":"2016-09-09T20:20:56","guid":{"rendered":"http:\/\/www.revistazetta.com\/?p=15863"},"modified":"2016-09-09T15:20:56","modified_gmt":"2016-09-09T20:20:56","slug":"se-posesiona-nuevo-gerente-la-e-s-e-maternidad-rafael-calvo","status":"publish","type":"post","link":"https:\/\/revistazetta.com\/?p=15863","title":{"rendered":"Se posesiona nuevo gerente de la E.S.E Maternidad Rafael Calvo"},"content":{"rendered":"<p>En horas de la ma\u00f1ana en el CAD, el gobernador de Bol\u00edvar, Dumek Turbay, posesion\u00f3 a  Jorge Quintero Bula como nuevo gerente de la Maternidad Rafael Calvo. El nuevo funcionario es odont\u00f3logo, especialista en Seguridad social y Gerencia en servicio en salud de la Universidad de Cartagena, magister en Administraci\u00f3n de Empresas del Instituto Monterrey de M\u00e9xico.<\/p>\n<p> Se desempe\u00f1\u00f3 como odont\u00f3logo y coordinador en los antiguos Seguros Sociales de Cartagena.<br \/>\n\u201cEstaremos atentos al desarrollo de la cl\u00ednica, para que tengan lo que se merece y contin\u00fae fortalecida, apoyando al gerente a que las EPS cumplan con su compromiso. Estamos cansados de la forma como algunas entidades promotoras de salud maltratan el sistema y la atenci\u00f3n al usuario; frente a eso vamos a seguir trabajando con el Ministerio de Salud y con la Superintendencia de salud\u201d, resalt\u00f3 el gobernador Dumek Turbay.<br \/>\n<img loading=\"lazy\" decoding=\"async\" src=\"https:\/\/www.revistazetta.com\/wp-content\/uploads\/2016\/09\/GRC1-300x187.jpg\" alt=\"grc1\" width=\"300\" height=\"187\" class=\"alignleft size-medium wp-image-15865\" srcset=\"https:\/\/revistazetta.com\/wp-content\/uploads\/2016\/09\/GRC1-300x187.jpg 300w, https:\/\/revistazetta.com\/wp-content\/uploads\/2016\/09\/GRC1-234x146.jpg 234w, https:\/\/revistazetta.com\/wp-content\/uploads\/2016\/09\/GRC1-50x31.jpg 50w, https:\/\/revistazetta.com\/wp-content\/uploads\/2016\/09\/GRC1-120x75.jpg 120w, https:\/\/revistazetta.com\/wp-content\/uploads\/2016\/09\/GRC1.jpg 570w\" sizes=\"auto, (max-width: 300px) 100vw, 300px\" \/><\/p>\n<p>El nombramiento se realiz\u00f3 a trav\u00e9s de un concurso p\u00fablico por m\u00e9ritos a trav\u00e9s de la Universidad de Medell\u00edn, instituci\u00f3n contratada para este proceso. En dicho concurso, Quintero obtuvo el mayor puntaje, adem\u00e1s de la entrevista y el an\u00e1lisis de sus antecedentes.<\/p>\n<p> \u201cLa cl\u00ednica maternidad Rafael Calvo es insignia en el departamento de Bol\u00edvar, ah\u00ed dan a luz a nuestros hijos, deportistas, confluye toda la parte asistencial, tecnol\u00f3gica, cient\u00edfica, en lo que tiene que ver con la atenci\u00f3n a las mujeres embarazadas, partos y controles prenatales. Esperamos seguir avanzando, vamos a implementar estrategias para acercar la Cl\u00ednica hacia los municipios, fortaleciendo la red p\u00fablica del departamento, para que nuestras madres tengan f\u00e1cil acceso a la cl\u00ednica de maternidad\u201d, expres\u00f3 el nuevo gerente de la E.S.E.<\/p>\n","protected":false},"excerpt":{"rendered":"<p>En horas de la ma\u00f1ana en el CAD, el gobernador de Bol\u00edvar, Dumek Turbay, posesion\u00f3 a Jorge Quintero Bula como nuevo gerente de la Maternidad Rafael Calvo. El nuevo funcionario es odont\u00f3logo, especialista en Seguridad social y Gerencia en servicio en salud de la Universidad de Cartagena, magister en Administraci\u00f3n de Empresas del Instituto Monterrey de M\u00e9xico. Se desempe\u00f1\u00f3 como odont\u00f3logo y coordinador en los antiguos Seguros Sociales de Cartagena. \u201cEstaremos atentos al desarrollo de la cl\u00ednica, para que tengan lo que se merece y contin\u00fae fortalecida, apoyando al gerente&#8230; <\/p>\n","protected":false},"author":3,"featured_media":15864,"comment_status":"open","ping_status":"closed","sticky":false,"template":"","format":"standard","meta":{"footnotes":"","_links_to":"","_links_to_target":""},"categories":[2,85,32],"tags":[],"class_list":["post-15863","post","type-post","status-publish","format-standard","has-post-thumbnail","hentry","category-actualidad","category-cartagena","category-actualidad-distrito"],"_links":{"self":[{"href":"https:\/\/revistazetta.com\/index.php?rest_route=\/wp\/v2\/posts\/15863","targetHints":{"allow":["GET"]}}],"collection":[{"href":"https:\/\/revistazetta.com\/index.php?rest_route=\/wp\/v2\/posts"}],"about":[{"href":"https:\/\/revistazetta.com\/index.php?rest_route=\/wp\/v2\/types\/post"}],"author":[{"embeddable":true,"href":"https:\/\/revistazetta.com\/index.php?rest_route=\/wp\/v2\/users\/3"}],"replies":[{"embeddable":true,"href":"https:\/\/revistazetta.com\/index.php?rest_route=%2Fwp%2Fv2%2Fcomments&post=15863"}],"version-history":[{"count":0,"href":"https:\/\/revistazetta.com\/index.php?rest_route=\/wp\/v2\/posts\/15863\/revisions"}],"wp:featuredmedia":[{"embeddable":true,"href":"https:\/\/revistazetta.com\/index.php?rest_route=\/wp\/v2\/media\/15864"}],"wp:attachment":[{"href":"https:\/\/revistazetta.com\/index.php?rest_route=%2Fwp%2Fv2%2Fmedia&parent=15863"}],"wp:term":[{"taxonomy":"category","embeddable":true,"href":"https:\/\/revistazetta.com\/index.php?rest_route=%2Fwp%2Fv2%2Fcategories&post=15863"},{"taxonomy":"post_tag","embeddable":true,"href":"https:\/\/revistazetta.com\/index.php?rest_route=%2Fwp%2Fv2%2Ftags&post=15863"}],"curies":[{"name":"wp","href":"https:\/\/api.w.org\/{rel}","templated":true}]}}