{"id":15867,"date":"2016-09-09T15:32:26","date_gmt":"2016-09-09T20:32:26","guid":{"rendered":"http:\/\/www.revistazetta.com\/?p=15867"},"modified":"2016-09-09T15:32:26","modified_gmt":"2016-09-09T20:32:26","slug":"gran-jornada-trabajo-torno-los-beneficios-del-arbitraje-la-conciliacion","status":"publish","type":"post","link":"https:\/\/revistazetta.com\/?p=15867","title":{"rendered":"Gran jornada de trabajo en torno a los beneficios del  Arbitraje y la Conciliaci\u00f3n"},"content":{"rendered":"<p>El estudio realizado por el Departamento Nacional de Planeaci\u00f3n (DNP), deja claro que los habitantes de esta parte del pa\u00eds no utilizan la conciliaci\u00f3n y los diferentes mecanismos de resoluci\u00f3n de conflictos para dirimir sus problemas, por tal raz\u00f3n el pr\u00f3ximo 12 de septiembre el DNP y la C\u00e1mara de Comercio de Cartagena realizar\u00e1n una gran jornada de trabajo en torno a los beneficios del  Arbitraje y la Conciliaci\u00f3n en el sistema de justicia y la construcci\u00f3n de paz.<\/p>\n<p>Los Centros de Arbitraje y Conciliaci\u00f3n de la Guajira, Santa Marta, Sucre, Cesar, C\u00f3rdoba y Bol\u00edvar, entidades de la rama judicial del orden local, regional y nacional, usuarios frecuentes y acad\u00e9micos, participaran de la actividad que consiste en realizar mesas de trabajo para abordar temas como : el uso y voluntariedad de la conciliaci\u00f3n, la inclusi\u00f3n de la conciliaci\u00f3n en las pol\u00edticas, programas y proyectos de construcci\u00f3n de paz, eficiencia, eficacia y modernizaci\u00f3n de la conciliaci\u00f3n en   el plan decenal del sistema de  justicia.<\/p>\n<p>Julia Eva Pretelt, Directora de Servicios Registrales de la C\u00e1mara de Comercio de Cartagena y del Centro de Arbitraje y Conciliaci\u00f3n sobre esta gran jornada de trabajo por la Conciliaci\u00f3n  manifest\u00f3 \u00bb Est\u00e1 es una importante actividad, donde por primera vez la C\u00e1mara de Comercio de Cartagena trabaja de la mano con el Departamento de Planeaci\u00f3n Nacional para fortalecer la red de Centros de Conciliaci\u00f3n de la Regi\u00f3n Caribe, inmiscuir el tema en la agenda de la paz y promocionar los mecanismos alternativos de resoluci\u00f3n de conflictos\u201d .<\/p>\n<p>La funcionaria tambi\u00e9n indic\u00f3 que espera que una vez concluyan las mesas se determinen compromisos por parte de todas las entidades del orden regional y nacional relacionadas con el tema de Arbitraje y  Conciliaci\u00f3n, con el fin de mejorar y consolidar el sistema de justicia en la Regi\u00f3n Caribe.<\/p>\n<p>Esta actividad se realizar\u00e1 como antesala a la vigesimos\u00e9ptima jornada de conciliaci\u00f3n gratuita, que ofrece el pr\u00f3ximo 25 y 26  de octubre la C\u00e1mara de Comercio a la poblaci\u00f3n Cartagenera de estratos 1,2 y 3, que voluntariamente con la ayuda de un conciliador experto deseen solucionar conflictos civiles, comerciales y de familia que no superen la cuant\u00eda de 40 millones de pesos. <\/p>\n","protected":false},"excerpt":{"rendered":"<p>El estudio realizado por el Departamento Nacional de Planeaci\u00f3n (DNP), deja claro que los habitantes de esta parte del pa\u00eds no utilizan la conciliaci\u00f3n y los diferentes mecanismos de resoluci\u00f3n de conflictos para dirimir sus problemas, por tal raz\u00f3n el pr\u00f3ximo 12 de septiembre el DNP y la C\u00e1mara de Comercio de Cartagena realizar\u00e1n una gran jornada de trabajo en torno a los beneficios del Arbitraje y la Conciliaci\u00f3n en el sistema de justicia y la construcci\u00f3n de paz. Los Centros de Arbitraje y Conciliaci\u00f3n de la Guajira, Santa Marta,&#8230; <\/p>\n","protected":false},"author":3,"featured_media":15868,"comment_status":"open","ping_status":"closed","sticky":false,"template":"","format":"standard","meta":{"footnotes":"","_links_to":"","_links_to_target":""},"categories":[2,81],"tags":[],"class_list":["post-15867","post","type-post","status-publish","format-standard","has-post-thumbnail","hentry","category-actualidad","category-camara"],"_links":{"self":[{"href":"https:\/\/revistazetta.com\/index.php?rest_route=\/wp\/v2\/posts\/15867","targetHints":{"allow":["GET"]}}],"collection":[{"href":"https:\/\/revistazetta.com\/index.php?rest_route=\/wp\/v2\/posts"}],"about":[{"href":"https:\/\/revistazetta.com\/index.php?rest_route=\/wp\/v2\/types\/post"}],"author":[{"embeddable":true,"href":"https:\/\/revistazetta.com\/index.php?rest_route=\/wp\/v2\/users\/3"}],"replies":[{"embeddable":true,"href":"https:\/\/revistazetta.com\/index.php?rest_route=%2Fwp%2Fv2%2Fcomments&post=15867"}],"version-history":[{"count":0,"href":"https:\/\/revistazetta.com\/index.php?rest_route=\/wp\/v2\/posts\/15867\/revisions"}],"wp:featuredmedia":[{"embeddable":true,"href":"https:\/\/revistazetta.com\/index.php?rest_route=\/wp\/v2\/media\/15868"}],"wp:attachment":[{"href":"https:\/\/revistazetta.com\/index.php?rest_route=%2Fwp%2Fv2%2Fmedia&parent=15867"}],"wp:term":[{"taxonomy":"category","embeddable":true,"href":"https:\/\/revistazetta.com\/index.php?rest_route=%2Fwp%2Fv2%2Fcategories&post=15867"},{"taxonomy":"post_tag","embeddable":true,"href":"https:\/\/revistazetta.com\/index.php?rest_route=%2Fwp%2Fv2%2Ftags&post=15867"}],"curies":[{"name":"wp","href":"https:\/\/api.w.org\/{rel}","templated":true}]}}