{"id":15892,"date":"2016-09-12T08:39:26","date_gmt":"2016-09-12T13:39:26","guid":{"rendered":"http:\/\/www.revistazetta.com\/?p=15892"},"modified":"2016-09-12T08:39:26","modified_gmt":"2016-09-12T13:39:26","slug":"ministra-vivienda-destaca-resultados-del-centro-atencion-integral-pedro-romero","status":"publish","type":"post","link":"https:\/\/revistazetta.com\/?p=15892","title":{"rendered":"Ministra de Vivienda destaca resultados del Centro de Atenci\u00f3n Integral Pedro Romero"},"content":{"rendered":"<p>Como un gran aporte al desarrollo social y econ\u00f3mico de las familias desplazadas que residen en Cartagena en los barrios Ciudad Bicentenario, Villas de Aranjuez, Flor del Campo y Colombiat\u00f3n, calific\u00f3 la ministra de Vivienda, Elsa Noguera, el Centro de Atenci\u00f3n Integral Pedro Romero que opera en Ciudad Bicentenario.<\/p>\n<p>La Ministra visit\u00f3 las instalaciones del Centro de Atenci\u00f3n Integral en compa\u00f1\u00eda del Alcalde de Cartagena Manolo Duque, el director del Plan de Emergencia Social Pedro Romero (PES-PR), Javier Lora Jim\u00e9nez y Juan Carlos Franco director de la Fundaci\u00f3n Santo Domingo, quienes escucharon las experiencias y opiniones de los estudiantes de las carreras t\u00e9cnicas que all\u00ed se imparten, gracias al convenio de cooperaci\u00f3n internacional con la Confederaci\u00f3n Alemana de Cooperativas (DGRV), Alcald\u00eda de Cartagena, Fundaci\u00f3n Mario Santo Domingo y Sena.<\/p>\n<p>La jefe de la cartera de Vivienda, alent\u00f3 a los j\u00f3venes y mujeres  aprendices provenientes de familias desplazadas a que contin\u00faen su formaci\u00f3n y destac\u00f3 todas las facilidades que se ofrecen en el Centro de Atenci\u00f3n Integral como son el equipamiento, materiales, docentes y profesionales de distintas \u00e1reas, ubicados todo en un solo lugar y cerca  de las viviendas entregadas, donde el Estado en alianza estrat\u00e9gica con los sectores privado y solidario, han logrado integrar instituciones educativas, centros de desarrollo infantil, parques, canchas y mobiliario urbano que inspiran al ciudadano a superarse y a construir entornos de paz.<\/p>\n","protected":false},"excerpt":{"rendered":"<p>Como un gran aporte al desarrollo social y econ\u00f3mico de las familias desplazadas que residen en Cartagena en los barrios Ciudad Bicentenario, Villas de Aranjuez, Flor del Campo y Colombiat\u00f3n, calific\u00f3 la ministra de Vivienda, Elsa Noguera, el Centro de Atenci\u00f3n Integral Pedro Romero que opera en Ciudad Bicentenario. La Ministra visit\u00f3 las instalaciones del Centro de Atenci\u00f3n Integral en compa\u00f1\u00eda del Alcalde de Cartagena Manolo Duque, el director del Plan de Emergencia Social Pedro Romero (PES-PR), Javier Lora Jim\u00e9nez y Juan Carlos Franco director de la Fundaci\u00f3n Santo Domingo,&#8230; <\/p>\n","protected":false},"author":3,"featured_media":15893,"comment_status":"open","ping_status":"closed","sticky":false,"template":"","format":"standard","meta":{"footnotes":"","_links_to":"","_links_to_target":""},"categories":[2,75,32],"tags":[],"class_list":["post-15892","post","type-post","status-publish","format-standard","has-post-thumbnail","hentry","category-actualidad","category-destacada","category-actualidad-distrito"],"_links":{"self":[{"href":"https:\/\/revistazetta.com\/index.php?rest_route=\/wp\/v2\/posts\/15892","targetHints":{"allow":["GET"]}}],"collection":[{"href":"https:\/\/revistazetta.com\/index.php?rest_route=\/wp\/v2\/posts"}],"about":[{"href":"https:\/\/revistazetta.com\/index.php?rest_route=\/wp\/v2\/types\/post"}],"author":[{"embeddable":true,"href":"https:\/\/revistazetta.com\/index.php?rest_route=\/wp\/v2\/users\/3"}],"replies":[{"embeddable":true,"href":"https:\/\/revistazetta.com\/index.php?rest_route=%2Fwp%2Fv2%2Fcomments&post=15892"}],"version-history":[{"count":0,"href":"https:\/\/revistazetta.com\/index.php?rest_route=\/wp\/v2\/posts\/15892\/revisions"}],"wp:featuredmedia":[{"embeddable":true,"href":"https:\/\/revistazetta.com\/index.php?rest_route=\/wp\/v2\/media\/15893"}],"wp:attachment":[{"href":"https:\/\/revistazetta.com\/index.php?rest_route=%2Fwp%2Fv2%2Fmedia&parent=15892"}],"wp:term":[{"taxonomy":"category","embeddable":true,"href":"https:\/\/revistazetta.com\/index.php?rest_route=%2Fwp%2Fv2%2Fcategories&post=15892"},{"taxonomy":"post_tag","embeddable":true,"href":"https:\/\/revistazetta.com\/index.php?rest_route=%2Fwp%2Fv2%2Ftags&post=15892"}],"curies":[{"name":"wp","href":"https:\/\/api.w.org\/{rel}","templated":true}]}}