{"id":15896,"date":"2016-09-12T12:43:06","date_gmt":"2016-09-12T17:43:06","guid":{"rendered":"http:\/\/www.revistazetta.com\/?p=15896"},"modified":"2016-09-12T12:43:06","modified_gmt":"2016-09-12T17:43:06","slug":"50-ninos-villa-corelca-se-certificaron-bomberitos-comunitarios","status":"publish","type":"post","link":"https:\/\/revistazetta.com\/?p=15896","title":{"rendered":"50 ni\u00f1os de Villa Corelca se certificaron como Bomberitos Comunitarios"},"content":{"rendered":"<p>Mediante convenio de asociaci\u00f3n suscrito entre la Fundaci\u00f3n \u201cCreando Sinergia\u201d y el Cuerpo de Bomberos de Cartagena de Indias, 50 ni\u00f1os, ni\u00f1as y j\u00f3venes de la comunidad vulnerada de Villa Corelca se certificaron como \u201cBomberitos Comunitarios\u201d, para generar conocimiento y minimizar los impactos que puedan causarse por alg\u00fan incendio o conflagraci\u00f3n que aqueje y afecte a la comunidad.<\/p>\n<p> <img loading=\"lazy\" decoding=\"async\" src=\"https:\/\/www.revistazetta.com\/wp-content\/uploads\/2016\/09\/NB1-300x187.jpg\" alt=\"nb1\" width=\"300\" height=\"187\" class=\"alignleft size-medium wp-image-15899\" srcset=\"https:\/\/revistazetta.com\/wp-content\/uploads\/2016\/09\/NB1-300x187.jpg 300w, https:\/\/revistazetta.com\/wp-content\/uploads\/2016\/09\/NB1-234x146.jpg 234w, https:\/\/revistazetta.com\/wp-content\/uploads\/2016\/09\/NB1-50x31.jpg 50w, https:\/\/revistazetta.com\/wp-content\/uploads\/2016\/09\/NB1-120x75.jpg 120w, https:\/\/revistazetta.com\/wp-content\/uploads\/2016\/09\/NB1.jpg 570w\" sizes=\"auto, (max-width: 300px) 100vw, 300px\" \/><\/p>\n<p><img loading=\"lazy\" decoding=\"async\" src=\"https:\/\/www.revistazetta.com\/wp-content\/uploads\/2016\/09\/NB-300x187.jpg\" alt=\"nb\" width=\"300\" height=\"187\" class=\"alignleft size-medium wp-image-15898\" srcset=\"https:\/\/revistazetta.com\/wp-content\/uploads\/2016\/09\/NB-300x187.jpg 300w, https:\/\/revistazetta.com\/wp-content\/uploads\/2016\/09\/NB-234x146.jpg 234w, https:\/\/revistazetta.com\/wp-content\/uploads\/2016\/09\/NB-50x31.jpg 50w, https:\/\/revistazetta.com\/wp-content\/uploads\/2016\/09\/NB-120x75.jpg 120w, https:\/\/revistazetta.com\/wp-content\/uploads\/2016\/09\/NB.jpg 570w\" sizes=\"auto, (max-width: 300px) 100vw, 300px\" \/><br \/>\nPor espacio de un mes funcionarios del Cuerpo de Bomberos de Cartagena adelantaron  la \u201cC\u00e1tedra Bomberil\u201d, proyecto piloto implementado con el fin de preparar  a  ni\u00f1os, ni\u00f1as y j\u00f3venes entre 7 y 12 a\u00f1os,  para prevenir incendios por causas como quema  de basuras, manipulaci\u00f3n indebida de estufas, cilindros de gas, cortocircuitos por el mal estado de tomacorrientes y el uso inadecuado de electrodom\u00e9sticos, veladoras, velas y otro tipo de elementos inflamables.<\/p>\n<p>\u201cCada vez que vamos a la comunidad, llegamos con el firme prop\u00f3sito de crear la cultura preventiva, estamos convencidos que a trav\u00e9s  de ellos (los ni\u00f1os),   podemos minimizar los riesgos en la comunidad y garantizar la vida de los infantes ante cualquier adversidad\u201d, dijo Jorge Luis Dom\u00ednguez Prada, Cabo del Cuerpo de Bomberos de Cartagena.<\/p>\n<p>Por su parte, Doraida Solar Arredondo, presidenta de la Fundaci\u00f3n \u201cCreando Sinergia\u201d, asegur\u00f3 que la Fundaci\u00f3n tiene como misi\u00f3n, generar procesos de mejora social para propiciar el desarrollo integral del ser humano, \u201cgeneramos competencias y capacidades culturales y sociales, centrando nuestro sentir en el mejoramiento de la calidad de vida de las  personas y sus respectivas comunidades, ese es nuestro prop\u00f3sito\u201d.<\/p>\n<p>El cuerpo de Bomberos se comprometi\u00f3  en adelantar el diplomado con aquellos ni\u00f1os y ni\u00f1as que por cualquier circunstancia no tuvieron la posibilidad de capacitarse y certificarse como Bomberitos Comunitarios y adem\u00e1s con adultos que desean contribuir en el mejoramiento integral de la comunidad.  <\/p>\n","protected":false},"excerpt":{"rendered":"<p>Mediante convenio de asociaci\u00f3n suscrito entre la Fundaci\u00f3n \u201cCreando Sinergia\u201d y el Cuerpo de Bomberos de Cartagena de Indias, 50 ni\u00f1os, ni\u00f1as y j\u00f3venes de la comunidad vulnerada de Villa Corelca se certificaron como \u201cBomberitos Comunitarios\u201d, para generar conocimiento y minimizar los impactos que puedan causarse por alg\u00fan incendio o conflagraci\u00f3n que aqueje y afecte a la comunidad. Por espacio de un mes funcionarios del Cuerpo de Bomberos de Cartagena adelantaron la \u201cC\u00e1tedra Bomberil\u201d, proyecto piloto implementado con el fin de preparar a ni\u00f1os, ni\u00f1as y j\u00f3venes entre 7 y&#8230; <\/p>\n","protected":false},"author":3,"featured_media":15897,"comment_status":"open","ping_status":"closed","sticky":false,"template":"","format":"standard","meta":{"footnotes":"","_links_to":"","_links_to_target":""},"categories":[2,75,32],"tags":[],"class_list":["post-15896","post","type-post","status-publish","format-standard","has-post-thumbnail","hentry","category-actualidad","category-destacada","category-actualidad-distrito"],"_links":{"self":[{"href":"https:\/\/revistazetta.com\/index.php?rest_route=\/wp\/v2\/posts\/15896","targetHints":{"allow":["GET"]}}],"collection":[{"href":"https:\/\/revistazetta.com\/index.php?rest_route=\/wp\/v2\/posts"}],"about":[{"href":"https:\/\/revistazetta.com\/index.php?rest_route=\/wp\/v2\/types\/post"}],"author":[{"embeddable":true,"href":"https:\/\/revistazetta.com\/index.php?rest_route=\/wp\/v2\/users\/3"}],"replies":[{"embeddable":true,"href":"https:\/\/revistazetta.com\/index.php?rest_route=%2Fwp%2Fv2%2Fcomments&post=15896"}],"version-history":[{"count":0,"href":"https:\/\/revistazetta.com\/index.php?rest_route=\/wp\/v2\/posts\/15896\/revisions"}],"wp:featuredmedia":[{"embeddable":true,"href":"https:\/\/revistazetta.com\/index.php?rest_route=\/wp\/v2\/media\/15897"}],"wp:attachment":[{"href":"https:\/\/revistazetta.com\/index.php?rest_route=%2Fwp%2Fv2%2Fmedia&parent=15896"}],"wp:term":[{"taxonomy":"category","embeddable":true,"href":"https:\/\/revistazetta.com\/index.php?rest_route=%2Fwp%2Fv2%2Fcategories&post=15896"},{"taxonomy":"post_tag","embeddable":true,"href":"https:\/\/revistazetta.com\/index.php?rest_route=%2Fwp%2Fv2%2Ftags&post=15896"}],"curies":[{"name":"wp","href":"https:\/\/api.w.org\/{rel}","templated":true}]}}