{"id":16016,"date":"2016-09-15T17:01:22","date_gmt":"2016-09-15T22:01:22","guid":{"rendered":"http:\/\/www.revistazetta.com\/?p=16016"},"modified":"2016-09-15T17:01:22","modified_gmt":"2016-09-15T22:01:22","slug":"se-inauguran-puntos-atencion-la-mujer-santa-ana-bicentenario","status":"publish","type":"post","link":"https:\/\/revistazetta.com\/?p=16016","title":{"rendered":"Se inauguran puntos de atenci\u00f3n para la mujer en Santa Ana y Bicentenario"},"content":{"rendered":"<p>En el corregimiento insular de Santa Ana y en el barrio Bicentenario, se dio apertura a puntos de atenci\u00f3n integral a la mujer. Esto se realiz\u00f3 en cabeza de la Secretar\u00eda de Participaci\u00f3n y Desarrollo Social del gobierno de Primero la Gente, en el marco de la pol\u00edtica p\u00fablica \u201cCartageneras en Pleno Goce de sus Derechos\u201d.<\/p>\n<p>A partir de ya, en estos dos puntos de atenci\u00f3n, las mujeres de estas comunidades contar\u00e1n con la presencia, dos d\u00edas a la semana, de un abogado de la Oficina de Asuntos para la Mujer, que les brindar\u00e1 asesor\u00eda jur\u00eddica a las que son v\u00edctima de violencia intrafamiliar y las acompa\u00f1ar\u00e1 durante todo el proceso legal, garantizando el cumplimiento de sus derechos.<\/p>\n<p><img loading=\"lazy\" decoding=\"async\" src=\"https:\/\/www.revistazetta.com\/wp-content\/uploads\/2016\/09\/PAM3-300x187.jpg\" alt=\"pam3\" width=\"300\" height=\"187\" class=\"alignleft size-medium wp-image-16020\" srcset=\"https:\/\/revistazetta.com\/wp-content\/uploads\/2016\/09\/PAM3-300x187.jpg 300w, https:\/\/revistazetta.com\/wp-content\/uploads\/2016\/09\/PAM3-234x146.jpg 234w, https:\/\/revistazetta.com\/wp-content\/uploads\/2016\/09\/PAM3-50x31.jpg 50w, https:\/\/revistazetta.com\/wp-content\/uploads\/2016\/09\/PAM3-120x75.jpg 120w, https:\/\/revistazetta.com\/wp-content\/uploads\/2016\/09\/PAM3.jpg 570w\" sizes=\"auto, (max-width: 300px) 100vw, 300px\" \/><\/p>\n<p><img loading=\"lazy\" decoding=\"async\" src=\"https:\/\/www.revistazetta.com\/wp-content\/uploads\/2016\/09\/PAM2-300x187.jpg\" alt=\"pam2\" width=\"300\" height=\"187\" class=\"alignleft size-medium wp-image-16019\" srcset=\"https:\/\/revistazetta.com\/wp-content\/uploads\/2016\/09\/PAM2-300x187.jpg 300w, https:\/\/revistazetta.com\/wp-content\/uploads\/2016\/09\/PAM2-234x146.jpg 234w, https:\/\/revistazetta.com\/wp-content\/uploads\/2016\/09\/PAM2-50x31.jpg 50w, https:\/\/revistazetta.com\/wp-content\/uploads\/2016\/09\/PAM2-120x75.jpg 120w, https:\/\/revistazetta.com\/wp-content\/uploads\/2016\/09\/PAM2.jpg 570w\" sizes=\"auto, (max-width: 300px) 100vw, 300px\" \/><\/p>\n<p><img loading=\"lazy\" decoding=\"async\" src=\"https:\/\/www.revistazetta.com\/wp-content\/uploads\/2016\/09\/PAM1-300x187.jpg\" alt=\"pam1\" width=\"300\" height=\"187\" class=\"alignleft size-medium wp-image-16018\" srcset=\"https:\/\/revistazetta.com\/wp-content\/uploads\/2016\/09\/PAM1-300x187.jpg 300w, https:\/\/revistazetta.com\/wp-content\/uploads\/2016\/09\/PAM1-234x146.jpg 234w, https:\/\/revistazetta.com\/wp-content\/uploads\/2016\/09\/PAM1-50x31.jpg 50w, https:\/\/revistazetta.com\/wp-content\/uploads\/2016\/09\/PAM1-120x75.jpg 120w, https:\/\/revistazetta.com\/wp-content\/uploads\/2016\/09\/PAM1.jpg 570w\" sizes=\"auto, (max-width: 300px) 100vw, 300px\" \/><br \/>\n\u201cLa apertura de estos puntos de atenci\u00f3n por parte del Distrito, llega en un momento oportuno para nosotras. Como mujeres es nuestro deber hacer parte de la construcci\u00f3n del respeto en nuestras comunidades y que muchas mujeres a partir de ahora sientan que no est\u00e1n solas y que s\u00ed hay una entidad aqu\u00ed que representa al Distrito de Cartagena, pero que tambi\u00e9n nos representa a nosotras las mujeres\u201d, asegur\u00f3 Ledys Caraballo, habitante de Bicentenario.<\/p>\n<p>Estos dos puntos de atenci\u00f3n, ubicados en la Plaza principal de Santa Ana y en el Centro de Atenci\u00f3n Integral Pedro Romero en Bicentenario, buscan que las mujeres identifiquen y reconozcan sus derechos y que accedan de forma \u00e1gil a todos los servicios y programas que presta la Secretar\u00eda de Participaci\u00f3n y Desarrollo Social y su oficina de Asuntos para la Mujer. Las mujeres de Villas de Aranjuez y Flor del Campo tambi\u00e9n ser\u00e1n atendidas en Bicentenario. <\/p>\n","protected":false},"excerpt":{"rendered":"<p>En el corregimiento insular de Santa Ana y en el barrio Bicentenario, se dio apertura a puntos de atenci\u00f3n integral a la mujer. Esto se realiz\u00f3 en cabeza de la Secretar\u00eda de Participaci\u00f3n y Desarrollo Social del gobierno de Primero la Gente, en el marco de la pol\u00edtica p\u00fablica \u201cCartageneras en Pleno Goce de sus Derechos\u201d. A partir de ya, en estos dos puntos de atenci\u00f3n, las mujeres de estas comunidades contar\u00e1n con la presencia, dos d\u00edas a la semana, de un abogado de la Oficina de Asuntos para la&#8230; <\/p>\n","protected":false},"author":3,"featured_media":16017,"comment_status":"open","ping_status":"closed","sticky":false,"template":"","format":"standard","meta":{"footnotes":"","_links_to":"","_links_to_target":""},"categories":[32,86],"tags":[],"class_list":["post-16016","post","type-post","status-publish","format-standard","has-post-thumbnail","hentry","category-actualidad-distrito","category-comunidad"],"_links":{"self":[{"href":"https:\/\/revistazetta.com\/index.php?rest_route=\/wp\/v2\/posts\/16016","targetHints":{"allow":["GET"]}}],"collection":[{"href":"https:\/\/revistazetta.com\/index.php?rest_route=\/wp\/v2\/posts"}],"about":[{"href":"https:\/\/revistazetta.com\/index.php?rest_route=\/wp\/v2\/types\/post"}],"author":[{"embeddable":true,"href":"https:\/\/revistazetta.com\/index.php?rest_route=\/wp\/v2\/users\/3"}],"replies":[{"embeddable":true,"href":"https:\/\/revistazetta.com\/index.php?rest_route=%2Fwp%2Fv2%2Fcomments&post=16016"}],"version-history":[{"count":0,"href":"https:\/\/revistazetta.com\/index.php?rest_route=\/wp\/v2\/posts\/16016\/revisions"}],"wp:featuredmedia":[{"embeddable":true,"href":"https:\/\/revistazetta.com\/index.php?rest_route=\/wp\/v2\/media\/16017"}],"wp:attachment":[{"href":"https:\/\/revistazetta.com\/index.php?rest_route=%2Fwp%2Fv2%2Fmedia&parent=16016"}],"wp:term":[{"taxonomy":"category","embeddable":true,"href":"https:\/\/revistazetta.com\/index.php?rest_route=%2Fwp%2Fv2%2Fcategories&post=16016"},{"taxonomy":"post_tag","embeddable":true,"href":"https:\/\/revistazetta.com\/index.php?rest_route=%2Fwp%2Fv2%2Ftags&post=16016"}],"curies":[{"name":"wp","href":"https:\/\/api.w.org\/{rel}","templated":true}]}}