{"id":16021,"date":"2016-09-15T17:24:51","date_gmt":"2016-09-15T22:24:51","guid":{"rendered":"http:\/\/www.revistazetta.com\/?p=16021"},"modified":"2016-09-15T17:24:51","modified_gmt":"2016-09-15T22:24:51","slug":"juntas-accion-comunal-cartagena-eligieron-asociaciones","status":"publish","type":"post","link":"https:\/\/revistazetta.com\/?p=16021","title":{"rendered":"Juntas de Acci\u00f3n Comunal de Cartagena eligieron sus asociaciones"},"content":{"rendered":"<p>Finalmente las localidades Industrial y de la Bah\u00eda y De la Virgen y Tur\u00edstica, escogieron a sus dignatarios de la Asociaci\u00f3n de Juntas de Acci\u00f3n Comunal, luego de un plazo otorgado por la administraci\u00f3n distrital para llevarlo a cabo.<\/p>\n<p>En la jornada participaron delegados de m\u00e1s de 100 Juntas de Acci\u00f3n Comunal, que se acreditaron para los comicios y conformar las organizaciones comunales de segundo grado de ambas localidades, las cuales deber\u00e1n propender por el bienestar y correcto desarrollo de las actividades de las JAC y ayudar en la gesti\u00f3n de obras para mejorar la calidad de vida de sus comunidades.<br \/>\n<img loading=\"lazy\" decoding=\"async\" src=\"https:\/\/www.revistazetta.com\/wp-content\/uploads\/2016\/09\/ASOJAC3-300x187.jpg\" alt=\"asojac3\" width=\"300\" height=\"187\" class=\"alignleft size-medium wp-image-16025\" srcset=\"https:\/\/revistazetta.com\/wp-content\/uploads\/2016\/09\/ASOJAC3-300x187.jpg 300w, https:\/\/revistazetta.com\/wp-content\/uploads\/2016\/09\/ASOJAC3-234x146.jpg 234w, https:\/\/revistazetta.com\/wp-content\/uploads\/2016\/09\/ASOJAC3-50x31.jpg 50w, https:\/\/revistazetta.com\/wp-content\/uploads\/2016\/09\/ASOJAC3-120x75.jpg 120w, https:\/\/revistazetta.com\/wp-content\/uploads\/2016\/09\/ASOJAC3.jpg 570w\" sizes=\"auto, (max-width: 300px) 100vw, 300px\" \/><\/p>\n<p><img loading=\"lazy\" decoding=\"async\" src=\"https:\/\/www.revistazetta.com\/wp-content\/uploads\/2016\/09\/ASOJAC1-300x187.jpg\" alt=\"asojac1\" width=\"300\" height=\"187\" class=\"alignleft size-medium wp-image-16024\" srcset=\"https:\/\/revistazetta.com\/wp-content\/uploads\/2016\/09\/ASOJAC1-300x187.jpg 300w, https:\/\/revistazetta.com\/wp-content\/uploads\/2016\/09\/ASOJAC1-234x146.jpg 234w, https:\/\/revistazetta.com\/wp-content\/uploads\/2016\/09\/ASOJAC1-50x31.jpg 50w, https:\/\/revistazetta.com\/wp-content\/uploads\/2016\/09\/ASOJAC1-120x75.jpg 120w, https:\/\/revistazetta.com\/wp-content\/uploads\/2016\/09\/ASOJAC1.jpg 570w\" sizes=\"auto, (max-width: 300px) 100vw, 300px\" \/><\/p>\n<p><img loading=\"lazy\" decoding=\"async\" src=\"https:\/\/www.revistazetta.com\/wp-content\/uploads\/2016\/09\/ASOJAC-300x187.jpg\" alt=\"asojac\" width=\"300\" height=\"187\" class=\"alignleft size-medium wp-image-16023\" srcset=\"https:\/\/revistazetta.com\/wp-content\/uploads\/2016\/09\/ASOJAC-300x187.jpg 300w, https:\/\/revistazetta.com\/wp-content\/uploads\/2016\/09\/ASOJAC-234x146.jpg 234w, https:\/\/revistazetta.com\/wp-content\/uploads\/2016\/09\/ASOJAC-50x31.jpg 50w, https:\/\/revistazetta.com\/wp-content\/uploads\/2016\/09\/ASOJAC-120x75.jpg 120w, https:\/\/revistazetta.com\/wp-content\/uploads\/2016\/09\/ASOJAC.jpg 570w\" sizes=\"auto, (max-width: 300px) 100vw, 300px\" \/><\/p>\n<p>De la misma manera se realizaron elecciones de Juntas de Acci\u00f3n Comunal en los barrios Arroz Barato, Los Ciruelos, El Poz\u00f3n sector Carlos Blanco y Para\u00edso I, las cuales por inconsistencias en sus procesos internos hab\u00edan sido aplazadas de la fecha original en la que deb\u00edan cumplirse en el pasado mes de abril.<\/p>\n<p>En la Asociaci\u00f3n de Juntas de Acci\u00f3n Comunal (Asojac) de la localidad Industrial y de la bah\u00eda fue elegido como presidente Heberson Ortiz Soto quien encabezaba la plancha n\u00famero 1. En cuanto a la Asojac de la localidad De la Virgen y Tur\u00edstica Alexander G\u00f3mez fue elegido presidente, para ocupar el cargo en el periodo que va desde este 2016 hasta el a\u00f1o 2020.<\/p>\n<p>Las urnas en todos los sectores donde se realizaron procesos electorales se cerraron con un balance positivo, en cuanto a la normalidad en la que transcurrieron todos los comicios, de acuerdo a los reportes de todas las autoridades que prestaron su servicio como garantes de las votaciones.<\/p>\n","protected":false},"excerpt":{"rendered":"<p>Finalmente las localidades Industrial y de la Bah\u00eda y De la Virgen y Tur\u00edstica, escogieron a sus dignatarios de la Asociaci\u00f3n de Juntas de Acci\u00f3n Comunal, luego de un plazo otorgado por la administraci\u00f3n distrital para llevarlo a cabo. En la jornada participaron delegados de m\u00e1s de 100 Juntas de Acci\u00f3n Comunal, que se acreditaron para los comicios y conformar las organizaciones comunales de segundo grado de ambas localidades, las cuales deber\u00e1n propender por el bienestar y correcto desarrollo de las actividades de las JAC y ayudar en la gesti\u00f3n&#8230; <\/p>\n","protected":false},"author":3,"featured_media":16022,"comment_status":"open","ping_status":"closed","sticky":false,"template":"","format":"standard","meta":{"footnotes":"","_links_to":"","_links_to_target":""},"categories":[32,86],"tags":[],"class_list":["post-16021","post","type-post","status-publish","format-standard","has-post-thumbnail","hentry","category-actualidad-distrito","category-comunidad"],"_links":{"self":[{"href":"https:\/\/revistazetta.com\/index.php?rest_route=\/wp\/v2\/posts\/16021","targetHints":{"allow":["GET"]}}],"collection":[{"href":"https:\/\/revistazetta.com\/index.php?rest_route=\/wp\/v2\/posts"}],"about":[{"href":"https:\/\/revistazetta.com\/index.php?rest_route=\/wp\/v2\/types\/post"}],"author":[{"embeddable":true,"href":"https:\/\/revistazetta.com\/index.php?rest_route=\/wp\/v2\/users\/3"}],"replies":[{"embeddable":true,"href":"https:\/\/revistazetta.com\/index.php?rest_route=%2Fwp%2Fv2%2Fcomments&post=16021"}],"version-history":[{"count":0,"href":"https:\/\/revistazetta.com\/index.php?rest_route=\/wp\/v2\/posts\/16021\/revisions"}],"wp:featuredmedia":[{"embeddable":true,"href":"https:\/\/revistazetta.com\/index.php?rest_route=\/wp\/v2\/media\/16022"}],"wp:attachment":[{"href":"https:\/\/revistazetta.com\/index.php?rest_route=%2Fwp%2Fv2%2Fmedia&parent=16021"}],"wp:term":[{"taxonomy":"category","embeddable":true,"href":"https:\/\/revistazetta.com\/index.php?rest_route=%2Fwp%2Fv2%2Fcategories&post=16021"},{"taxonomy":"post_tag","embeddable":true,"href":"https:\/\/revistazetta.com\/index.php?rest_route=%2Fwp%2Fv2%2Ftags&post=16021"}],"curies":[{"name":"wp","href":"https:\/\/api.w.org\/{rel}","templated":true}]}}