{"id":16030,"date":"2016-09-15T18:26:41","date_gmt":"2016-09-15T23:26:41","guid":{"rendered":"http:\/\/www.revistazetta.com\/?p=16030"},"modified":"2016-09-15T18:26:41","modified_gmt":"2016-09-15T23:26:41","slug":"inversion-10-mil-millones-hospital-san-juan-nepomuceno","status":"publish","type":"post","link":"https:\/\/revistazetta.com\/?p=16030","title":{"rendered":"Inversi\u00f3n de $ 10 mil millones para hospital de San Juan Nepomuceno"},"content":{"rendered":"<p>El gobernador de Bol\u00edvar,  Dumek Turbay,  en compa\u00f1\u00eda del equipo de gobierno del Bol\u00edvar S\u00ed Avanza, realiz\u00f3 este jueves una jornada de atenci\u00f3n integral en San Juan Nepomuceno visitando en primer lugar San Cayetano, el corregimiento m\u00e1s grande de Bol\u00edvar, con 8 mil habitantes,  donde se realizaron diversos compromisos entre los que se priorizaron el acueducto de San Juan Nepomuceno y San Cayetano, mejoramiento del centro de salud,  mejoras y construcci\u00f3n de un escenarios deportivos, construcci\u00f3n y dotaci\u00f3n de un centro Administrativo y el cerramiento de la sede institucional educativa.<\/p>\n<p>Asegur\u00f3 que se destinar\u00e1 una inversi\u00f3n de $10.600 millones para la remodelaci\u00f3n y dotaci\u00f3n del hospital de esta poblaci\u00f3n de los Montes de Mar\u00eda. As\u00ed  mismo, anunci\u00f3  el apoyo para la realizaci\u00f3n para el Festival del \u00d1ame, donde ser\u00e1 homenajeada Petrona Mart\u00ednez, el pr\u00f3ximo mes de octubre.<br \/>\n<img loading=\"lazy\" decoding=\"async\" src=\"https:\/\/www.revistazetta.com\/wp-content\/uploads\/2016\/09\/inversi\u00f3n-SN5-300x187.jpg\" alt=\"inversion-sn5\" width=\"300\" height=\"187\" class=\"alignleft size-medium wp-image-16036\" srcset=\"https:\/\/revistazetta.com\/wp-content\/uploads\/2016\/09\/inversi\u00f3n-SN5-300x187.jpg 300w, https:\/\/revistazetta.com\/wp-content\/uploads\/2016\/09\/inversi\u00f3n-SN5-234x146.jpg 234w, https:\/\/revistazetta.com\/wp-content\/uploads\/2016\/09\/inversi\u00f3n-SN5-50x31.jpg 50w, https:\/\/revistazetta.com\/wp-content\/uploads\/2016\/09\/inversi\u00f3n-SN5-120x75.jpg 120w, https:\/\/revistazetta.com\/wp-content\/uploads\/2016\/09\/inversi\u00f3n-SN5.jpg 570w\" sizes=\"auto, (max-width: 300px) 100vw, 300px\" \/><\/p>\n<p><img loading=\"lazy\" decoding=\"async\" src=\"https:\/\/www.revistazetta.com\/wp-content\/uploads\/2016\/09\/inversi\u00f3n-SN4-300x187.jpg\" alt=\"inversion-sn4\" width=\"300\" height=\"187\" class=\"alignleft size-medium wp-image-16035\" srcset=\"https:\/\/revistazetta.com\/wp-content\/uploads\/2016\/09\/inversi\u00f3n-SN4-300x187.jpg 300w, https:\/\/revistazetta.com\/wp-content\/uploads\/2016\/09\/inversi\u00f3n-SN4-234x146.jpg 234w, https:\/\/revistazetta.com\/wp-content\/uploads\/2016\/09\/inversi\u00f3n-SN4-50x31.jpg 50w, https:\/\/revistazetta.com\/wp-content\/uploads\/2016\/09\/inversi\u00f3n-SN4-120x75.jpg 120w, https:\/\/revistazetta.com\/wp-content\/uploads\/2016\/09\/inversi\u00f3n-SN4.jpg 570w\" sizes=\"auto, (max-width: 300px) 100vw, 300px\" \/><\/p>\n<p><img loading=\"lazy\" decoding=\"async\" src=\"https:\/\/www.revistazetta.com\/wp-content\/uploads\/2016\/09\/inversi\u00f3n-SN1-300x187.jpg\" alt=\"inversion-sn1\" width=\"300\" height=\"187\" class=\"alignleft size-medium wp-image-16033\" srcset=\"https:\/\/revistazetta.com\/wp-content\/uploads\/2016\/09\/inversi\u00f3n-SN1-300x187.jpg 300w, https:\/\/revistazetta.com\/wp-content\/uploads\/2016\/09\/inversi\u00f3n-SN1-234x146.jpg 234w, https:\/\/revistazetta.com\/wp-content\/uploads\/2016\/09\/inversi\u00f3n-SN1-50x31.jpg 50w, https:\/\/revistazetta.com\/wp-content\/uploads\/2016\/09\/inversi\u00f3n-SN1-120x75.jpg 120w, https:\/\/revistazetta.com\/wp-content\/uploads\/2016\/09\/inversi\u00f3n-SN1.jpg 570w\" sizes=\"auto, (max-width: 300px) 100vw, 300px\" \/><\/p>\n<p>En el corregimiento de San Pedro Consolado,  Turbay prometi\u00f3 ampliaci\u00f3n del centro de salud y la construcci\u00f3n de la cancha de f\u00fatbol, la cual llevar\u00e1 su nombre. \u00abQueremos que los sanjuaneros sepan que tenemos recursos,  los cuales vamos a invertir para que la comunidad mejore su calidad de vida\u00bb, dijo el mandatario.<\/p>\n<p>Tambi\u00e9n habl\u00f3 sobre la priorizaci\u00f3n de los acueductos tanto para ese corregimiento como para el casco urbano, con fin de  garantizar un servicio \u00f3ptimo y con regularidad.<\/p>\n<p>Durante la intervenci\u00f3n Social de San Juan Nepomuceno, la gestora social del departamento, Liliana Majana,  visit\u00f3 la casa del adulto mayor donde se realizaron jornadas l\u00fadicas, manifest\u00f3 la importancia que tienen para el gobierno del \u00abBol\u00edvar s\u00ed Avanza\u00bb estos programas de atenci\u00f3n integral al adulto mayor que buscan ofrecer lo mejor a nuestros abuelos y abuelas del departamento. Adem\u00e1s, en compa\u00f1\u00eda de Jackeline Howard, directora de Desarrollo Social, e Irina Barrios, gestora social de San Juan Nepomuceno, recorrieron las instalaciones de la Fundaci\u00f3n Casa del Ni\u00f1o, para fortalecer la atenci\u00f3n integral a personas en situaci\u00f3n de discapacidad de la zona.<br \/>\n<img loading=\"lazy\" decoding=\"async\" src=\"https:\/\/www.revistazetta.com\/wp-content\/uploads\/2016\/09\/inversi\u00f3n-SN6-300x187.jpg\" alt=\"inversion-sn6\" width=\"300\" height=\"187\" class=\"alignleft size-medium wp-image-16037\" srcset=\"https:\/\/revistazetta.com\/wp-content\/uploads\/2016\/09\/inversi\u00f3n-SN6-300x187.jpg 300w, https:\/\/revistazetta.com\/wp-content\/uploads\/2016\/09\/inversi\u00f3n-SN6-234x146.jpg 234w, https:\/\/revistazetta.com\/wp-content\/uploads\/2016\/09\/inversi\u00f3n-SN6-50x31.jpg 50w, https:\/\/revistazetta.com\/wp-content\/uploads\/2016\/09\/inversi\u00f3n-SN6-120x75.jpg 120w, https:\/\/revistazetta.com\/wp-content\/uploads\/2016\/09\/inversi\u00f3n-SN6.jpg 570w\" sizes=\"auto, (max-width: 300px) 100vw, 300px\" \/><\/p>\n<p><img loading=\"lazy\" decoding=\"async\" src=\"https:\/\/www.revistazetta.com\/wp-content\/uploads\/2016\/09\/inversi\u00f3n-SN2-300x187.jpg\" alt=\"inversion-sn2\" width=\"300\" height=\"187\" class=\"alignleft size-medium wp-image-16034\" srcset=\"https:\/\/revistazetta.com\/wp-content\/uploads\/2016\/09\/inversi\u00f3n-SN2-300x187.jpg 300w, https:\/\/revistazetta.com\/wp-content\/uploads\/2016\/09\/inversi\u00f3n-SN2-234x146.jpg 234w, https:\/\/revistazetta.com\/wp-content\/uploads\/2016\/09\/inversi\u00f3n-SN2-50x31.jpg 50w, https:\/\/revistazetta.com\/wp-content\/uploads\/2016\/09\/inversi\u00f3n-SN2-120x75.jpg 120w, https:\/\/revistazetta.com\/wp-content\/uploads\/2016\/09\/inversi\u00f3n-SN2.jpg 570w\" sizes=\"auto, (max-width: 300px) 100vw, 300px\" \/><\/p>\n<p>Todas las dependencias del departamento se hicieron presentes en esta marat\u00f3nica jornada por uno de los municipios m\u00e1s importantes de los Montes de Mar\u00eda llevando diversos programas, atendiendo a la poblaci\u00f3n y presentando su oferta institucional.<\/p>\n","protected":false},"excerpt":{"rendered":"<p>El gobernador de Bol\u00edvar, Dumek Turbay, en compa\u00f1\u00eda del equipo de gobierno del Bol\u00edvar S\u00ed Avanza, realiz\u00f3 este jueves una jornada de atenci\u00f3n integral en San Juan Nepomuceno visitando en primer lugar San Cayetano, el corregimiento m\u00e1s grande de Bol\u00edvar, con 8 mil habitantes, donde se realizaron diversos compromisos entre los que se priorizaron el acueducto de San Juan Nepomuceno y San Cayetano, mejoramiento del centro de salud, mejoras y construcci\u00f3n de un escenarios deportivos, construcci\u00f3n y dotaci\u00f3n de un centro Administrativo y el cerramiento de la sede institucional educativa&#8230;. <\/p>\n","protected":false},"author":3,"featured_media":16031,"comment_status":"open","ping_status":"closed","sticky":false,"template":"","format":"standard","meta":{"footnotes":"","_links_to":"","_links_to_target":""},"categories":[2,33,75,83],"tags":[],"class_list":["post-16030","post","type-post","status-publish","format-standard","has-post-thumbnail","hentry","category-actualidad","category-actualidad-bolivar","category-destacada","category-municipios"],"_links":{"self":[{"href":"https:\/\/revistazetta.com\/index.php?rest_route=\/wp\/v2\/posts\/16030","targetHints":{"allow":["GET"]}}],"collection":[{"href":"https:\/\/revistazetta.com\/index.php?rest_route=\/wp\/v2\/posts"}],"about":[{"href":"https:\/\/revistazetta.com\/index.php?rest_route=\/wp\/v2\/types\/post"}],"author":[{"embeddable":true,"href":"https:\/\/revistazetta.com\/index.php?rest_route=\/wp\/v2\/users\/3"}],"replies":[{"embeddable":true,"href":"https:\/\/revistazetta.com\/index.php?rest_route=%2Fwp%2Fv2%2Fcomments&post=16030"}],"version-history":[{"count":0,"href":"https:\/\/revistazetta.com\/index.php?rest_route=\/wp\/v2\/posts\/16030\/revisions"}],"wp:featuredmedia":[{"embeddable":true,"href":"https:\/\/revistazetta.com\/index.php?rest_route=\/wp\/v2\/media\/16031"}],"wp:attachment":[{"href":"https:\/\/revistazetta.com\/index.php?rest_route=%2Fwp%2Fv2%2Fmedia&parent=16030"}],"wp:term":[{"taxonomy":"category","embeddable":true,"href":"https:\/\/revistazetta.com\/index.php?rest_route=%2Fwp%2Fv2%2Fcategories&post=16030"},{"taxonomy":"post_tag","embeddable":true,"href":"https:\/\/revistazetta.com\/index.php?rest_route=%2Fwp%2Fv2%2Ftags&post=16030"}],"curies":[{"name":"wp","href":"https:\/\/api.w.org\/{rel}","templated":true}]}}