{"id":16039,"date":"2016-09-15T18:40:02","date_gmt":"2016-09-15T23:40:02","guid":{"rendered":"http:\/\/www.revistazetta.com\/?p=16039"},"modified":"2016-09-15T18:40:02","modified_gmt":"2016-09-15T23:40:02","slug":"se-abre-concurso-calle-festiva","status":"publish","type":"post","link":"https:\/\/revistazetta.com\/?p=16039","title":{"rendered":"Se abre concurso \u2018Mi Calle Festiva\u2019"},"content":{"rendered":"<p>El Instituto de Patrimonio y Cultura de Cartagena abre el concurso mi Calle Festiva que busca que los cartageneros se apropien de las Fiestas de Independencia 2016 adornando sus calles con motivos novembrinos.<\/p>\n<p>Participar es muy sencillo, reclamar el formulario de inscripci\u00f3n en las instalaciones del IPCC, ubicado en el barrio Getseman\u00ed, Calle Larga No. 9A-47. Tambi\u00e9n puede recibir informaci\u00f3n en las alcald\u00edas de las tres localidades.<\/p>\n<p>El formulario requiere el nombre de la calle concursante, direcci\u00f3n de la calle, benepl\u00e1cito del presidente de la Junta de Acci\u00f3n Comunal (si la tiene) o nombre del representante designado por los vecinos de la calle y una breve descripci\u00f3n de por qu\u00e9 es importante adornar la calle de motivos festivos.<\/p>\n<p><strong>El premio<\/strong><\/p>\n<p>El IPCC designar\u00e1 un jurado que visitar\u00e1 las calles hasta el 28 de octubre para verificar la decoraci\u00f3n, y el peri\u00f3dico Q\u00b4hubo visitar\u00e1 a cada uno de las calles concursantes para resaltar su iniciativa. Aquella calle que los sorprenda por su excelente decoraci\u00f3n en sinton\u00eda con los motivos festivos y se apropie de las Fiestas de Independencia como patrimonio cultural inmaterial de la ciudad, disfrutar\u00e1 de una fiesta que todos los vecinos podr\u00e1n disfrutar, patrocinada por Bavaria S.A., La Reina y Ol\u00edmpica Est\u00e9reo.<\/p>\n<p>\u201cNosotros como \u2018Primero la Gente\u2019 y por supuesto como IPCC, queremos incluir las Fiestas de Independencia en la Lista Representativa de Patrimonio Cultural Inmaterial, pero para eso necesitamos que todos nosotros como cartageneros tengamos ese sentido de pertenencia por nuestras fiestas con algo tan sencillo como es adornar nuestra casa, ese sitio que tanto nos representa. La invitaci\u00f3n es a que todos participemos y hagamos de esto una sola fiesta en toda Cartagena\u201d, motiv\u00f3 la directora de IPCC, Berta Arnedo Redondo.<\/p>\n<p>El 3 de noviembre se publicar\u00e1 el nombre de la calle ganadora y el 10 de noviembre se realizar\u00e1 la fiesta en la calle.<\/p>\n","protected":false},"excerpt":{"rendered":"<p>El Instituto de Patrimonio y Cultura de Cartagena abre el concurso mi Calle Festiva que busca que los cartageneros se apropien de las Fiestas de Independencia 2016 adornando sus calles con motivos novembrinos. Participar es muy sencillo, reclamar el formulario de inscripci\u00f3n en las instalaciones del IPCC, ubicado en el barrio Getseman\u00ed, Calle Larga No. 9A-47. Tambi\u00e9n puede recibir informaci\u00f3n en las alcald\u00edas de las tres localidades. El formulario requiere el nombre de la calle concursante, direcci\u00f3n de la calle, benepl\u00e1cito del presidente de la Junta de Acci\u00f3n Comunal (si&#8230; <\/p>\n","protected":false},"author":3,"featured_media":0,"comment_status":"open","ping_status":"closed","sticky":false,"template":"","format":"standard","meta":{"footnotes":"","_links_to":"","_links_to_target":""},"categories":[41],"tags":[],"class_list":["post-16039","post","type-post","status-publish","format-standard","hentry","category-cultura"],"_links":{"self":[{"href":"https:\/\/revistazetta.com\/index.php?rest_route=\/wp\/v2\/posts\/16039","targetHints":{"allow":["GET"]}}],"collection":[{"href":"https:\/\/revistazetta.com\/index.php?rest_route=\/wp\/v2\/posts"}],"about":[{"href":"https:\/\/revistazetta.com\/index.php?rest_route=\/wp\/v2\/types\/post"}],"author":[{"embeddable":true,"href":"https:\/\/revistazetta.com\/index.php?rest_route=\/wp\/v2\/users\/3"}],"replies":[{"embeddable":true,"href":"https:\/\/revistazetta.com\/index.php?rest_route=%2Fwp%2Fv2%2Fcomments&post=16039"}],"version-history":[{"count":0,"href":"https:\/\/revistazetta.com\/index.php?rest_route=\/wp\/v2\/posts\/16039\/revisions"}],"wp:attachment":[{"href":"https:\/\/revistazetta.com\/index.php?rest_route=%2Fwp%2Fv2%2Fmedia&parent=16039"}],"wp:term":[{"taxonomy":"category","embeddable":true,"href":"https:\/\/revistazetta.com\/index.php?rest_route=%2Fwp%2Fv2%2Fcategories&post=16039"},{"taxonomy":"post_tag","embeddable":true,"href":"https:\/\/revistazetta.com\/index.php?rest_route=%2Fwp%2Fv2%2Ftags&post=16039"}],"curies":[{"name":"wp","href":"https:\/\/api.w.org\/{rel}","templated":true}]}}