{"id":16100,"date":"2016-09-18T21:48:27","date_gmt":"2016-09-19T02:48:27","guid":{"rendered":"http:\/\/www.revistazetta.com\/?p=16100"},"modified":"2016-09-18T21:48:52","modified_gmt":"2016-09-19T02:48:52","slug":"16100","status":"publish","type":"post","link":"https:\/\/revistazetta.com\/?p=16100","title":{"rendered":"Convocatoria para adjudicar 94 locales en Santa Rita Plaza"},"content":{"rendered":"<p>Los vendedores informales del mercado de Bazurto que quieran trasladarse a Santa Rita Plaza, tendr\u00e1n la oportunidad de participar en la convocatoria p\u00fablica para la adjudicaci\u00f3n de 94 locales comerciales en dicho mercado minorista.<\/p>\n<p>\u201cToda la documentaci\u00f3n se empezar\u00e1 a recibir desde el 23 de septiembre, sin embargo es necesario que revisen la convocatoria con anticipaci\u00f3n para verificar que cumplan con todos los requisitos y en caso de que les falte alguno o deban tramitarlo ante alguna dependencia, tengan tiempo de obtenerlo sin contratiempos\u201d, dijo Carolina Lenes, gerente de Espacio P\u00fablico y Movilidad.<\/p>\n<p>Lo documentos para participar en la convocatoria son los siguientes:<\/p>\n<ol>\n<li>Formulario de participaci\u00f3n diligenciado, el cual se encuentra en la p\u00e1gina web de la Alcald\u00eda www.cartagena.gov.co<\/li>\n<li>Certificaci\u00f3n expedida por la Gerencia de Espacio P\u00fablico y Movilidad en donde conste que se encuentra inscrito en el Registro \u00danico de Vendedores (RUV)<\/li>\n<li>Dos referencias comerciales<\/li>\n<li>Fotocopia ampliada al 150% de la c\u00e9dula de ciudadan\u00eda<\/li>\n<li>Certificado de antecedente judiciales de la Polic\u00eda Nacional<\/li>\n<li>Certificado de Procuradur\u00eda (antecedentes disciplinarios)<\/li>\n<li>Certificado de la Contralor\u00eda (antecedente fiscales)<\/li>\n<li>Tres fotograf\u00edas recientes 3&#215;4 fondo azul<\/li>\n<li>Solo para madres y padres cabeza de familia, declaraci\u00f3n extra juicio donde se manifieste esta condici\u00f3n.<\/li>\n<\/ol>\n<p>Estos documentos deben ser presentados en original y dos (2) copias en la oficina de correspondencia de la Alcald\u00eda de Cartagena en la Plaza de la Aduana y deben ir dirigidos a Orlando Peri\u00f1\u00e1n Fl\u00f3rez, Oficina Asesora de Despacho.<\/p>\n","protected":false},"excerpt":{"rendered":"<p>Los vendedores informales del mercado de Bazurto que quieran trasladarse a Santa Rita Plaza, tendr\u00e1n la oportunidad de participar en la convocatoria p\u00fablica para la adjudicaci\u00f3n de 94 locales comerciales en dicho mercado minorista. \u201cToda la documentaci\u00f3n se empezar\u00e1 a recibir desde el 23 de septiembre, sin embargo es necesario que revisen la convocatoria con anticipaci\u00f3n para verificar que cumplan con todos los requisitos y en caso de que les falte alguno o deban tramitarlo ante alguna dependencia, tengan tiempo de obtenerlo sin contratiempos\u201d, dijo Carolina Lenes, gerente de Espacio&#8230; <\/p>\n","protected":false},"author":3,"featured_media":16101,"comment_status":"open","ping_status":"closed","sticky":false,"template":"","format":"standard","meta":{"footnotes":"","_links_to":"","_links_to_target":""},"categories":[32,85],"tags":[],"class_list":["post-16100","post","type-post","status-publish","format-standard","has-post-thumbnail","hentry","category-actualidad-distrito","category-cartagena"],"_links":{"self":[{"href":"https:\/\/revistazetta.com\/index.php?rest_route=\/wp\/v2\/posts\/16100","targetHints":{"allow":["GET"]}}],"collection":[{"href":"https:\/\/revistazetta.com\/index.php?rest_route=\/wp\/v2\/posts"}],"about":[{"href":"https:\/\/revistazetta.com\/index.php?rest_route=\/wp\/v2\/types\/post"}],"author":[{"embeddable":true,"href":"https:\/\/revistazetta.com\/index.php?rest_route=\/wp\/v2\/users\/3"}],"replies":[{"embeddable":true,"href":"https:\/\/revistazetta.com\/index.php?rest_route=%2Fwp%2Fv2%2Fcomments&post=16100"}],"version-history":[{"count":0,"href":"https:\/\/revistazetta.com\/index.php?rest_route=\/wp\/v2\/posts\/16100\/revisions"}],"wp:featuredmedia":[{"embeddable":true,"href":"https:\/\/revistazetta.com\/index.php?rest_route=\/wp\/v2\/media\/16101"}],"wp:attachment":[{"href":"https:\/\/revistazetta.com\/index.php?rest_route=%2Fwp%2Fv2%2Fmedia&parent=16100"}],"wp:term":[{"taxonomy":"category","embeddable":true,"href":"https:\/\/revistazetta.com\/index.php?rest_route=%2Fwp%2Fv2%2Fcategories&post=16100"},{"taxonomy":"post_tag","embeddable":true,"href":"https:\/\/revistazetta.com\/index.php?rest_route=%2Fwp%2Fv2%2Ftags&post=16100"}],"curies":[{"name":"wp","href":"https:\/\/api.w.org\/{rel}","templated":true}]}}