{"id":16102,"date":"2016-09-18T21:51:28","date_gmt":"2016-09-19T02:51:28","guid":{"rendered":"http:\/\/www.revistazetta.com\/?p=16102"},"modified":"2016-09-18T21:52:24","modified_gmt":"2016-09-19T02:52:24","slug":"votar-pasar-la-pagina-la-violencia-fajardo","status":"publish","type":"post","link":"https:\/\/revistazetta.com\/?p=16102","title":{"rendered":"A votar por el Si y pasar la p\u00e1gina de la violencia: Fajardo"},"content":{"rendered":"<p><strong><img loading=\"lazy\" decoding=\"async\" class=\"alignleft size-medium wp-image-16095\" src=\"https:\/\/www.revistazetta.com\/wp-content\/uploads\/2016\/09\/Fajardo-2-300x188.jpg\" alt=\"fajardo-2\" width=\"300\" height=\"188\" srcset=\"https:\/\/revistazetta.com\/wp-content\/uploads\/2016\/09\/Fajardo-2-300x188.jpg 300w, https:\/\/revistazetta.com\/wp-content\/uploads\/2016\/09\/Fajardo-2-234x146.jpg 234w, https:\/\/revistazetta.com\/wp-content\/uploads\/2016\/09\/Fajardo-2-50x31.jpg 50w, https:\/\/revistazetta.com\/wp-content\/uploads\/2016\/09\/Fajardo-2-120x75.jpg 120w, https:\/\/revistazetta.com\/wp-content\/uploads\/2016\/09\/Fajardo-2.jpg 576w\" sizes=\"auto, (max-width: 300px) 100vw, 300px\" \/><\/strong>Sergio Fajardo invit\u00f3 a votar por el S\u00ed en el plebiscito del acuerdo Santos-Farc, y as\u00ed pasar definitivamente la p\u00e1gina de la violencia y la destrucci\u00f3n en Colombia.<\/p>\n<p>En las reuniones que sostuvo la semana pasada en Cartagena, el ex gobernador de Antioquia dijo que la nueva p\u00e1gina la deben escribir los colombianos de bien, porque los violentos y los corruptos no pueden seguir escribiendo nuestra historia.<\/p>\n<p>\u201cDespu\u00e9s de tantas d\u00e9cadas de violencia y destrucci\u00f3n, en tantas formas expresada, no nos cabe una letra m\u00e1s, la tenemos que pasar y escribir una nueva, de otra manera\u201d, expres\u00f3 ante una nutrida concurrencia reunida en el colegio Salesiano de Cartagena.<\/p>\n<p>Fajardo explic\u00f3 que \u201cla barbarie la conocemos a la perfecci\u00f3n con guerrilleros, paramilitares, narcotraficantes, ilegales de todas las formas, pero no nos hemos dado la oportunidad de apostarle a la inteligencia, la capacidad, el talento de nuestra gente\u201d.<\/p>\n<p><img loading=\"lazy\" decoding=\"async\" class=\"alignleft size-medium wp-image-16096\" src=\"https:\/\/www.revistazetta.com\/wp-content\/uploads\/2016\/09\/Fajardo-3-300x188.jpg\" alt=\"fajardo-3\" width=\"300\" height=\"188\" srcset=\"https:\/\/revistazetta.com\/wp-content\/uploads\/2016\/09\/Fajardo-3-300x188.jpg 300w, https:\/\/revistazetta.com\/wp-content\/uploads\/2016\/09\/Fajardo-3-234x146.jpg 234w, https:\/\/revistazetta.com\/wp-content\/uploads\/2016\/09\/Fajardo-3-50x31.jpg 50w, https:\/\/revistazetta.com\/wp-content\/uploads\/2016\/09\/Fajardo-3-120x75.jpg 120w, https:\/\/revistazetta.com\/wp-content\/uploads\/2016\/09\/Fajardo-3.jpg 576w\" sizes=\"auto, (max-width: 300px) 100vw, 300px\" \/> <img loading=\"lazy\" decoding=\"async\" class=\"alignleft size-medium wp-image-16097\" src=\"https:\/\/www.revistazetta.com\/wp-content\/uploads\/2016\/09\/Fajardo-4-300x188.jpg\" alt=\"fajardo-4\" width=\"300\" height=\"188\" srcset=\"https:\/\/revistazetta.com\/wp-content\/uploads\/2016\/09\/Fajardo-4-300x188.jpg 300w, https:\/\/revistazetta.com\/wp-content\/uploads\/2016\/09\/Fajardo-4-234x146.jpg 234w, https:\/\/revistazetta.com\/wp-content\/uploads\/2016\/09\/Fajardo-4-50x31.jpg 50w, https:\/\/revistazetta.com\/wp-content\/uploads\/2016\/09\/Fajardo-4-120x75.jpg 120w, https:\/\/revistazetta.com\/wp-content\/uploads\/2016\/09\/Fajardo-4.jpg 576w\" sizes=\"auto, (max-width: 300px) 100vw, 300px\" \/> <img loading=\"lazy\" decoding=\"async\" class=\"alignleft size-medium wp-image-16098\" src=\"https:\/\/www.revistazetta.com\/wp-content\/uploads\/2016\/09\/Fajardo-5-300x188.jpg\" alt=\"fajardo-5\" width=\"300\" height=\"188\" srcset=\"https:\/\/revistazetta.com\/wp-content\/uploads\/2016\/09\/Fajardo-5-300x188.jpg 300w, https:\/\/revistazetta.com\/wp-content\/uploads\/2016\/09\/Fajardo-5-234x146.jpg 234w, https:\/\/revistazetta.com\/wp-content\/uploads\/2016\/09\/Fajardo-5-50x31.jpg 50w, https:\/\/revistazetta.com\/wp-content\/uploads\/2016\/09\/Fajardo-5-120x75.jpg 120w, https:\/\/revistazetta.com\/wp-content\/uploads\/2016\/09\/Fajardo-5.jpg 576w\" sizes=\"auto, (max-width: 300px) 100vw, 300px\" \/><\/p>\n","protected":false},"excerpt":{"rendered":"<p>Sergio Fajardo invit\u00f3 a votar por el S\u00ed en el plebiscito del acuerdo Santos-Farc, y as\u00ed pasar definitivamente la p\u00e1gina de la violencia y la destrucci\u00f3n en Colombia. En las reuniones que sostuvo la semana pasada en Cartagena, el ex gobernador de Antioquia dijo que la nueva p\u00e1gina la deben escribir los colombianos de bien, porque los violentos y los corruptos no pueden seguir escribiendo nuestra historia. \u201cDespu\u00e9s de tantas d\u00e9cadas de violencia y destrucci\u00f3n, en tantas formas expresada, no nos cabe una letra m\u00e1s, la tenemos que pasar y&#8230; <\/p>\n","protected":false},"author":3,"featured_media":16084,"comment_status":"open","ping_status":"closed","sticky":false,"template":"","format":"standard","meta":{"footnotes":"","_links_to":"","_links_to_target":""},"categories":[75,4],"tags":[115,93,119,118],"class_list":["post-16102","post","type-post","status-publish","format-standard","has-post-thumbnail","hentry","category-destacada","category-politica","tag-john-zamora","tag-revista-zetta","tag-sergio-fajardo","tag-si"],"_links":{"self":[{"href":"https:\/\/revistazetta.com\/index.php?rest_route=\/wp\/v2\/posts\/16102","targetHints":{"allow":["GET"]}}],"collection":[{"href":"https:\/\/revistazetta.com\/index.php?rest_route=\/wp\/v2\/posts"}],"about":[{"href":"https:\/\/revistazetta.com\/index.php?rest_route=\/wp\/v2\/types\/post"}],"author":[{"embeddable":true,"href":"https:\/\/revistazetta.com\/index.php?rest_route=\/wp\/v2\/users\/3"}],"replies":[{"embeddable":true,"href":"https:\/\/revistazetta.com\/index.php?rest_route=%2Fwp%2Fv2%2Fcomments&post=16102"}],"version-history":[{"count":0,"href":"https:\/\/revistazetta.com\/index.php?rest_route=\/wp\/v2\/posts\/16102\/revisions"}],"wp:featuredmedia":[{"embeddable":true,"href":"https:\/\/revistazetta.com\/index.php?rest_route=\/wp\/v2\/media\/16084"}],"wp:attachment":[{"href":"https:\/\/revistazetta.com\/index.php?rest_route=%2Fwp%2Fv2%2Fmedia&parent=16102"}],"wp:term":[{"taxonomy":"category","embeddable":true,"href":"https:\/\/revistazetta.com\/index.php?rest_route=%2Fwp%2Fv2%2Fcategories&post=16102"},{"taxonomy":"post_tag","embeddable":true,"href":"https:\/\/revistazetta.com\/index.php?rest_route=%2Fwp%2Fv2%2Ftags&post=16102"}],"curies":[{"name":"wp","href":"https:\/\/api.w.org\/{rel}","templated":true}]}}