{"id":16103,"date":"2016-09-18T22:03:09","date_gmt":"2016-09-19T03:03:09","guid":{"rendered":"http:\/\/www.revistazetta.com\/?p=16103"},"modified":"2016-09-18T22:03:09","modified_gmt":"2016-09-19T03:03:09","slug":"galacticos-la-otra-medalla-oro-rio","status":"publish","type":"post","link":"https:\/\/revistazetta.com\/?p=16103","title":{"rendered":"Gal\u00e1cticos, la otra medalla de oro en R\u00edo"},"content":{"rendered":"<p><strong><img loading=\"lazy\" decoding=\"async\" class=\"alignleft size-medium wp-image-16104\" src=\"https:\/\/www.revistazetta.com\/wp-content\/uploads\/2016\/09\/Galacticos-1-300x188.jpg\" alt=\"galacticos-1\" width=\"300\" height=\"188\" srcset=\"https:\/\/revistazetta.com\/wp-content\/uploads\/2016\/09\/Galacticos-1-300x188.jpg 300w, https:\/\/revistazetta.com\/wp-content\/uploads\/2016\/09\/Galacticos-1-234x146.jpg 234w, https:\/\/revistazetta.com\/wp-content\/uploads\/2016\/09\/Galacticos-1-50x31.jpg 50w, https:\/\/revistazetta.com\/wp-content\/uploads\/2016\/09\/Galacticos-1-120x75.jpg 120w, https:\/\/revistazetta.com\/wp-content\/uploads\/2016\/09\/Galacticos-1.jpg 576w\" sizes=\"auto, (max-width: 300px) 100vw, 300px\" \/><\/strong>El pa\u00eds deportivo los ve como la referencia m\u00e1s importante del nuevo periodismo, con presencia directa en los eventos y con el empleo de tecnolog\u00eda de punta para asegurar un cubrimiento cent\u00edmetro a cent\u00edmetro de cada competencia.<\/p>\n<p>Lo mejor es que no ejercen el oficio desde Bogot\u00e1 o Medell\u00edn sino que son categ\u00f3ricos l\u00edderes de opini\u00f3n deportiva de Cartagena de Indias, y que a\u00f1o tras a\u00f1o han venido labrando un proyecto que est\u00e1 rindiendo frutos: los Gal\u00e1cticos del Deporte.<\/p>\n<p>Esta nueva forma de periodismo deportivo probablemente sea otra de las herencias de los Juegos Centroamericanos y del Caribe de 2006 en Cartagena, a m\u00e1s de los escenarios. Codearse con la prensa nacional e internacional y comprobar que tienen las mismas o mejores capacidades para cubrir con rigor profesional estas justas, les dej\u00f3 el camino abierto para construir un proyecto cuyo resultado m\u00e1s reciente fue el de los Juegos Ol\u00edmpicos de R\u00edo de Janeiro. No solo fueron las tres medallas de oro, dos de plata y tres de bronce que consigui\u00f3 la delegaci\u00f3n colombiana, sino la satisfacci\u00f3n de haber llevado esos momentos en vivo y en directo, desde el mismo escenario donde se disputaron, para el p\u00fablico cartagenero.<\/p>\n<p>El equipo lo conforman los veteranos y consagrados Hegel Ortega y Juan Carlos Revollo, y en R\u00edo de Janeiro estuvieron acompa\u00f1ados por una revelaci\u00f3n del periodismo cartagenero, de talla internacional: Karen Ariza. Durante las trasmisiones estuvo en cabina Ricardo Bello, quien dej\u00f3 sus compromisos en Miami y Palm Beach para desarrollar el proyecto en Colombia.<\/p>\n<p><img loading=\"lazy\" decoding=\"async\" class=\"alignleft size-medium wp-image-16107\" src=\"https:\/\/www.revistazetta.com\/wp-content\/uploads\/2016\/09\/Gal\u00e1cticos-5-300x188.jpg\" alt=\"galacticos-5\" width=\"300\" height=\"188\" srcset=\"https:\/\/revistazetta.com\/wp-content\/uploads\/2016\/09\/Gal\u00e1cticos-5-300x188.jpg 300w, https:\/\/revistazetta.com\/wp-content\/uploads\/2016\/09\/Gal\u00e1cticos-5-234x146.jpg 234w, https:\/\/revistazetta.com\/wp-content\/uploads\/2016\/09\/Gal\u00e1cticos-5-50x31.jpg 50w, https:\/\/revistazetta.com\/wp-content\/uploads\/2016\/09\/Gal\u00e1cticos-5-120x75.jpg 120w, https:\/\/revistazetta.com\/wp-content\/uploads\/2016\/09\/Gal\u00e1cticos-5.jpg 576w\" sizes=\"auto, (max-width: 300px) 100vw, 300px\" \/>Gracias a los Gal\u00e1cticos del Deporte, los oyentes cartageneros de Ox\u00edgeno Radio de Caracol (1360 A.M.) fueron los \u00fanicos de una ciudad capital en Colombia que tuvieron este privilegio. Escucharon en vivo c\u00f3mo \u00d3scar Figueroa, Katherine Ibarg\u00fcen y Mariana Paj\u00f3n ganaron sus medallas de oro. Tambi\u00e9n transmitieron la emocionante final de tenis femenino, donde la bella boricua M\u00f3nica Puig derrot\u00f3 a la alemana Angelique Kerber, y los palpitantes enfrentamientos del voleibol playa.<\/p>\n<p>El acuerdo con la estaci\u00f3n radial inclu\u00eda tres emisiones diarias: c\u00f3mo amanecen, como van y c\u00f3mo cierran los Juegos Ol\u00edmpicos, y adem\u00e1s la posibilidad de transmitir en directo, a cualquier hora, un evento como las competencias mencionadas.<\/p>\n<p>Si bien la radio en vivo era el principal instrumento informativo, no lo fueron menos sus emisiones a trav\u00e9s del canal de Youtube, lo mismo que las publicaciones en Facebook, Twitter e Instagram.<\/p>\n<p>Otro aspecto que tambi\u00e9n habla del gran espacio que han conquistado es el de la acreditaci\u00f3n de prensa. Resulta que el tama\u00f1o de cada delegaci\u00f3n es el que otorga cupos a periodistas, y a Colombia le correspondieron 20 credenciales: dos de ellas para Ortega y Revollo. Los trataron como si fueran de un potentado canal nacional o internacional. Adem\u00e1s, Cartagena obtuvo una tercera credencial con Carlos Caballero de El Universal, con quien desarrollaron una t\u00e1cita alianza de colegaje informativo.<\/p>\n<p><img loading=\"lazy\" decoding=\"async\" class=\"alignleft size-medium wp-image-16108\" src=\"https:\/\/www.revistazetta.com\/wp-content\/uploads\/2016\/09\/Gal\u00e1cticos-6-300x188.jpg\" alt=\"galacticos-6\" width=\"300\" height=\"188\" srcset=\"https:\/\/revistazetta.com\/wp-content\/uploads\/2016\/09\/Gal\u00e1cticos-6-300x188.jpg 300w, https:\/\/revistazetta.com\/wp-content\/uploads\/2016\/09\/Gal\u00e1cticos-6-234x146.jpg 234w, https:\/\/revistazetta.com\/wp-content\/uploads\/2016\/09\/Gal\u00e1cticos-6-50x31.jpg 50w, https:\/\/revistazetta.com\/wp-content\/uploads\/2016\/09\/Gal\u00e1cticos-6-120x75.jpg 120w, https:\/\/revistazetta.com\/wp-content\/uploads\/2016\/09\/Gal\u00e1cticos-6.jpg 576w\" sizes=\"auto, (max-width: 300px) 100vw, 300px\" \/>La visi\u00f3n period\u00edstica de los Gal\u00e1cticos del Deporte no pudo haberse desarrollado de no tener tambi\u00e9n claro un concepto empresarial y de mercadeo, pues costear estos cubrimientos resulta una quijotada.<\/p>\n<p>Por eso es frecuente verlos en los grandes acontecimientos como el Mundial de F\u00fatbol brasil 2014 o la Copa Am\u00e9rica Centenario USA 2016, am\u00e9n de los juegos de la selecci\u00f3n Colombia en la eliminatoria para Rusia 2018.<\/p>\n<p>\u201cHemos construido un nicho deportivo. La tecnolog\u00eda y las redes sociales hacen que las noticias viajen al instante, pero la diferencia est\u00e1 en la manera c\u00f3mo presentamos los hechos, c\u00f3mo narramos estas vivencias, y tambi\u00e9n porque estamos ah\u00ed, donde suceden las cosas\u201d, explica Ortega Madero.<\/p>\n<p>\u201cNosotros estudiamos el mercado, identificamos los eventos y sabemos convencer a potenciales patrocinadores de la efectividad de nuestra labor\u201d, indica Juan Carlos Revollo.<\/p>\n<p>Para el pa\u00eds deportivo no resulta nada extra\u00f1o que de Cartagena surjan estos liderazgos period\u00edsticos, pues de inmediato llegan a la memoria casos de legendarios hombres de radio como Melanio Porto Ariza, Campo El\u00edas Ter\u00e1n Dix, Luis Alberto Payares Villa, Edgar Perea Arias, quienes en su momento tambi\u00e9n nos trajeron las vibrantes victorias de otras \u00e9pocas, como las primeras medallas en Munich 72 de Helmut Bellingrot, Alfonso P\u00e9rez o Clemente Rojas.<\/p>\n<p><img loading=\"lazy\" decoding=\"async\" class=\"alignleft size-medium wp-image-16106\" src=\"https:\/\/www.revistazetta.com\/wp-content\/uploads\/2016\/09\/Gal\u00e1cticos-3-300x188.jpg\" alt=\"galacticos-3\" width=\"300\" height=\"188\" srcset=\"https:\/\/revistazetta.com\/wp-content\/uploads\/2016\/09\/Gal\u00e1cticos-3-300x188.jpg 300w, https:\/\/revistazetta.com\/wp-content\/uploads\/2016\/09\/Gal\u00e1cticos-3-234x146.jpg 234w, https:\/\/revistazetta.com\/wp-content\/uploads\/2016\/09\/Gal\u00e1cticos-3-50x31.jpg 50w, https:\/\/revistazetta.com\/wp-content\/uploads\/2016\/09\/Gal\u00e1cticos-3-120x75.jpg 120w, https:\/\/revistazetta.com\/wp-content\/uploads\/2016\/09\/Gal\u00e1cticos-3.jpg 576w\" sizes=\"auto, (max-width: 300px) 100vw, 300px\" \/>Gracias a los Juegos Ol\u00edmpicos de R\u00edo de Janeiro, Colombia tiene nuevos h\u00e9roes deportivos, y la radio colombiana tambi\u00e9n.<\/p>\n<p><img loading=\"lazy\" decoding=\"async\" class=\"alignleft size-medium wp-image-16105\" src=\"https:\/\/www.revistazetta.com\/wp-content\/uploads\/2016\/09\/Gal\u00e1cticos-2-300x188.jpg\" alt=\"galacticos-2\" width=\"300\" height=\"188\" srcset=\"https:\/\/revistazetta.com\/wp-content\/uploads\/2016\/09\/Gal\u00e1cticos-2-300x188.jpg 300w, https:\/\/revistazetta.com\/wp-content\/uploads\/2016\/09\/Gal\u00e1cticos-2-234x146.jpg 234w, https:\/\/revistazetta.com\/wp-content\/uploads\/2016\/09\/Gal\u00e1cticos-2-50x31.jpg 50w, https:\/\/revistazetta.com\/wp-content\/uploads\/2016\/09\/Gal\u00e1cticos-2-120x75.jpg 120w, https:\/\/revistazetta.com\/wp-content\/uploads\/2016\/09\/Gal\u00e1cticos-2.jpg 576w\" sizes=\"auto, (max-width: 300px) 100vw, 300px\" \/><\/p>\n<p><img loading=\"lazy\" decoding=\"async\" class=\"alignleft size-medium wp-image-16109\" src=\"https:\/\/www.revistazetta.com\/wp-content\/uploads\/2016\/09\/Gal\u00e1cticos-Deporte-300x188.jpg\" alt=\"galacticos-deporte\" width=\"300\" height=\"188\" srcset=\"https:\/\/revistazetta.com\/wp-content\/uploads\/2016\/09\/Gal\u00e1cticos-Deporte-300x188.jpg 300w, https:\/\/revistazetta.com\/wp-content\/uploads\/2016\/09\/Gal\u00e1cticos-Deporte-234x146.jpg 234w, https:\/\/revistazetta.com\/wp-content\/uploads\/2016\/09\/Gal\u00e1cticos-Deporte-50x31.jpg 50w, https:\/\/revistazetta.com\/wp-content\/uploads\/2016\/09\/Gal\u00e1cticos-Deporte-120x75.jpg 120w, https:\/\/revistazetta.com\/wp-content\/uploads\/2016\/09\/Gal\u00e1cticos-Deporte.jpg 576w\" sizes=\"auto, (max-width: 300px) 100vw, 300px\" \/><\/p>\n","protected":false},"excerpt":{"rendered":"<p>El pa\u00eds deportivo los ve como la referencia m\u00e1s importante del nuevo periodismo, con presencia directa en los eventos y con el empleo de tecnolog\u00eda de punta para asegurar un cubrimiento cent\u00edmetro a cent\u00edmetro de cada competencia. Lo mejor es que no ejercen el oficio desde Bogot\u00e1 o Medell\u00edn sino que son categ\u00f3ricos l\u00edderes de opini\u00f3n deportiva de Cartagena de Indias, y que a\u00f1o tras a\u00f1o han venido labrando un proyecto que est\u00e1 rindiendo frutos: los Gal\u00e1cticos del Deporte. Esta nueva forma de periodismo deportivo probablemente sea otra de las&#8230; <\/p>\n","protected":false},"author":3,"featured_media":16088,"comment_status":"open","ping_status":"closed","sticky":false,"template":"","format":"standard","meta":{"footnotes":"","_links_to":"","_links_to_target":""},"categories":[75,53],"tags":[120,121,115,122,123,93,124],"class_list":["post-16103","post","type-post","status-publish","format-standard","has-post-thumbnail","hentry","category-destacada","category-deportes","tag-galacticos-del-deporte","tag-hegel-ortega","tag-john-zamora","tag-juan-carlos-revollo","tag-juegos-olimpicos","tag-revista-zetta","tag-rio"],"_links":{"self":[{"href":"https:\/\/revistazetta.com\/index.php?rest_route=\/wp\/v2\/posts\/16103","targetHints":{"allow":["GET"]}}],"collection":[{"href":"https:\/\/revistazetta.com\/index.php?rest_route=\/wp\/v2\/posts"}],"about":[{"href":"https:\/\/revistazetta.com\/index.php?rest_route=\/wp\/v2\/types\/post"}],"author":[{"embeddable":true,"href":"https:\/\/revistazetta.com\/index.php?rest_route=\/wp\/v2\/users\/3"}],"replies":[{"embeddable":true,"href":"https:\/\/revistazetta.com\/index.php?rest_route=%2Fwp%2Fv2%2Fcomments&post=16103"}],"version-history":[{"count":0,"href":"https:\/\/revistazetta.com\/index.php?rest_route=\/wp\/v2\/posts\/16103\/revisions"}],"wp:featuredmedia":[{"embeddable":true,"href":"https:\/\/revistazetta.com\/index.php?rest_route=\/wp\/v2\/media\/16088"}],"wp:attachment":[{"href":"https:\/\/revistazetta.com\/index.php?rest_route=%2Fwp%2Fv2%2Fmedia&parent=16103"}],"wp:term":[{"taxonomy":"category","embeddable":true,"href":"https:\/\/revistazetta.com\/index.php?rest_route=%2Fwp%2Fv2%2Fcategories&post=16103"},{"taxonomy":"post_tag","embeddable":true,"href":"https:\/\/revistazetta.com\/index.php?rest_route=%2Fwp%2Fv2%2Ftags&post=16103"}],"curies":[{"name":"wp","href":"https:\/\/api.w.org\/{rel}","templated":true}]}}