{"id":16166,"date":"2016-09-20T10:30:20","date_gmt":"2016-09-20T15:30:20","guid":{"rendered":"http:\/\/www.revistazetta.com\/?p=16166"},"modified":"2016-09-20T21:18:10","modified_gmt":"2016-09-21T02:18:10","slug":"homenaje-pedrito-pereira-congresistas-bolivar-ley-bicentenario","status":"publish","type":"post","link":"https:\/\/revistazetta.com\/?p=16166","title":{"rendered":"CamComercio exalta a Pedrito Pereira y congresistas de Bol\u00edvar"},"content":{"rendered":"<p><img loading=\"lazy\" decoding=\"async\" class=\"alignleft size-medium wp-image-16176\" src=\"https:\/\/www.revistazetta.com\/wp-content\/uploads\/2016\/09\/Pedrito-hom-2-300x188.jpg\" alt=\"pedrito-hom-2\" width=\"300\" height=\"188\" srcset=\"https:\/\/revistazetta.com\/wp-content\/uploads\/2016\/09\/Pedrito-hom-2-300x188.jpg 300w, https:\/\/revistazetta.com\/wp-content\/uploads\/2016\/09\/Pedrito-hom-2-234x146.jpg 234w, https:\/\/revistazetta.com\/wp-content\/uploads\/2016\/09\/Pedrito-hom-2-50x31.jpg 50w, https:\/\/revistazetta.com\/wp-content\/uploads\/2016\/09\/Pedrito-hom-2-120x75.jpg 120w, https:\/\/revistazetta.com\/wp-content\/uploads\/2016\/09\/Pedrito-hom-2.jpg 576w\" sizes=\"auto, (max-width: 300px) 100vw, 300px\" \/>El congresista Pedrito Pereira Caballero fue distinguido por la C\u00e1mara de Comercio de Cartagena en reconocimiento a su labor legislativa, en especial por el impulso que le dio a la ley del Sitio de Cartagena, que establece inversiones del orden nacional en el Distrito y reivindica la gesta heroica de los cartageneros.<br \/>\nLa Junta Directiva en pleno de la entidad cameral le entreg\u00f3 un testimonio escrito en letra de estilo, donde agradece y exalta su gesti\u00f3n en beneficio de Cartagena, y subraya la importancia de la labor en equipo entre el sector legislativo y empresarial de Cartagena.<br \/>\nEl reconocimiento se hizo extensivo a todos los integrantes de la bancada de Bol\u00edvar en Senado y C\u00e1mara, y en su representaci\u00f3n asistieron los senadores Andr\u00e9s Felipe Garc\u00eda Zuccardi y Fernando Nicol\u00e1s Ara\u00fajo Rumi\u00e9.<br \/>\n\u201cEstoy muy complacido por el gesto de la C\u00e1mara de Comercio\u201d, dijo el representante a la C\u00e1mara, quien se\u00f1al\u00f3 que dicha entidad \u201ctuvo papel fundamental en la formulaci\u00f3n de esta ley, lo mismo que en varios art\u00edculos de la ley de Distrito para el recinto ferial, terminal de cruceros y recuperaci\u00f3n de cuerpos de agua. Ese ejemplo de trabajo mancomunado est\u00e1 dando resultados\u201d.<br \/>\nPereira Caballero revel\u00f3 que para hacerle seguimiento a la ley, en breve el Ministerio de Hacienda y Planeaci\u00f3n Nacional entregar\u00e1n un informe de la manera en que se viene ejecutando el compromiso econ\u00f3mico de cada proyecto.<br \/>\n\u201cNuestra gente es el principal motivo para seguir trabajando unidos la C\u00e1mara de Comercio, el sector gremial y el equipo legislativo de Bol\u00edvar\u201d, expres\u00f3 el dirigente.<\/p>\n<p><img loading=\"lazy\" decoding=\"async\" class=\"alignleft size-medium wp-image-16177\" src=\"https:\/\/www.revistazetta.com\/wp-content\/uploads\/2016\/09\/Pedrito-hom-1-300x188.jpg\" alt=\"pedrito-hom-1\" width=\"300\" height=\"188\" srcset=\"https:\/\/revistazetta.com\/wp-content\/uploads\/2016\/09\/Pedrito-hom-1-300x188.jpg 300w, https:\/\/revistazetta.com\/wp-content\/uploads\/2016\/09\/Pedrito-hom-1-234x146.jpg 234w, https:\/\/revistazetta.com\/wp-content\/uploads\/2016\/09\/Pedrito-hom-1-50x31.jpg 50w, https:\/\/revistazetta.com\/wp-content\/uploads\/2016\/09\/Pedrito-hom-1-120x75.jpg 120w, https:\/\/revistazetta.com\/wp-content\/uploads\/2016\/09\/Pedrito-hom-1.jpg 576w\" sizes=\"auto, (max-width: 300px) 100vw, 300px\" \/>Respecto de los ac\u00e1pites culturales de la ley del Sitio de Cartagena, Pedrito Pereira dijo que el Ministerio de Cultura debe identificar las partidas para realizar las piezas audiovisuales en cine, video o televisi\u00f3n que recreen el Sitio de Cartagena, y realizar las convocatorias correspondientes.<\/p>\n<p>El homenajeado recibi\u00f3 el reconocimiento por parte del Presidente de la Junta Gerardo Rumi\u00e9, quien afirm\u00f3 que est\u00e1 Ley es un logro significativo para la ciudad \u201cEsa gesta de hero\u00edsmo que tuvieron los patriotas revolucionarios de 1815, es la gran herencia que tenemos los cartageneros y que a trav\u00e9s de la Ley Bicentenario ser\u00e1 conocida por el pa\u00eds y el mundo\u201d, dijo Rumi\u00e9 Sossa.<\/p>\n<p>A su turno el representante Pereira manifest\u00f3 su agradecimiento y anunci\u00f3 que trabaja para que el sector tur\u00edstico sea m\u00e1s competitivo y tengas las mismas ventajas tributarias que el resto de industriales, \u201cEl proyecto que modifica la Ley 1430 del 2010 ya se encuentra radicado en el Ministerio de Hacienda y de Minas\u201d indic\u00f3 el legislador, quien destac\u00f3 la colaboraci\u00f3n y apoyo de la C\u00e1mara de Comercio de Cartagena en la elaboraci\u00f3n de la iniciativa.<\/p>\n<p>Pereira Caballero aprovech\u00f3 el momento para informar que Cartagena ya cuenta con la certificaci\u00f3n de ciudad con m\u00e1s de un mill\u00f3n de habitantes \u201cEsto nos da herramientas, para exigir inversi\u00f3n de entidades del orden nacional que antes no lo hac\u00edan por nuestra poca densidad poblacional\u201d. Seg\u00fan el representante est\u00e1 noticia tiene incidencia directa en el plan de ordenamiento territorial y en el uso del suelo local.<\/p>\n<p>De igual manera los senadores Fernando Araujo y Andr\u00e9s Garc\u00eda tambi\u00e9n recibieron un reconocimiento, el cual agradecieron reiterando su disposici\u00f3n de trabajo en beneficio de la ciudad.<\/p>\n<p><img loading=\"lazy\" decoding=\"async\" class=\"alignleft size-medium wp-image-16164\" src=\"https:\/\/www.revistazetta.com\/wp-content\/uploads\/2016\/09\/HPP-300x187.jpg\" alt=\"hpp\" width=\"300\" height=\"187\" srcset=\"https:\/\/revistazetta.com\/wp-content\/uploads\/2016\/09\/HPP-300x187.jpg 300w, https:\/\/revistazetta.com\/wp-content\/uploads\/2016\/09\/HPP-234x146.jpg 234w, https:\/\/revistazetta.com\/wp-content\/uploads\/2016\/09\/HPP-50x31.jpg 50w, https:\/\/revistazetta.com\/wp-content\/uploads\/2016\/09\/HPP-120x75.jpg 120w, https:\/\/revistazetta.com\/wp-content\/uploads\/2016\/09\/HPP.jpg 570w\" sizes=\"auto, (max-width: 300px) 100vw, 300px\" \/><\/p>\n","protected":false},"excerpt":{"rendered":"<p>El congresista Pedrito Pereira Caballero fue distinguido por la C\u00e1mara de Comercio de Cartagena en reconocimiento a su labor legislativa, en especial por el impulso que le dio a la ley del Sitio de Cartagena, que establece inversiones del orden nacional en el Distrito y reivindica la gesta heroica de los cartageneros. La Junta Directiva en pleno de la entidad cameral le entreg\u00f3 un testimonio escrito en letra de estilo, donde agradece y exalta su gesti\u00f3n en beneficio de Cartagena, y subraya la importancia de la labor en equipo entre&#8230; <\/p>\n","protected":false},"author":3,"featured_media":16175,"comment_status":"open","ping_status":"closed","sticky":false,"template":"","format":"standard","meta":{"footnotes":"","_links_to":"","_links_to_target":""},"categories":[2,81,75],"tags":[],"class_list":["post-16166","post","type-post","status-publish","format-standard","has-post-thumbnail","hentry","category-actualidad","category-camara","category-destacada"],"_links":{"self":[{"href":"https:\/\/revistazetta.com\/index.php?rest_route=\/wp\/v2\/posts\/16166","targetHints":{"allow":["GET"]}}],"collection":[{"href":"https:\/\/revistazetta.com\/index.php?rest_route=\/wp\/v2\/posts"}],"about":[{"href":"https:\/\/revistazetta.com\/index.php?rest_route=\/wp\/v2\/types\/post"}],"author":[{"embeddable":true,"href":"https:\/\/revistazetta.com\/index.php?rest_route=\/wp\/v2\/users\/3"}],"replies":[{"embeddable":true,"href":"https:\/\/revistazetta.com\/index.php?rest_route=%2Fwp%2Fv2%2Fcomments&post=16166"}],"version-history":[{"count":0,"href":"https:\/\/revistazetta.com\/index.php?rest_route=\/wp\/v2\/posts\/16166\/revisions"}],"wp:featuredmedia":[{"embeddable":true,"href":"https:\/\/revistazetta.com\/index.php?rest_route=\/wp\/v2\/media\/16175"}],"wp:attachment":[{"href":"https:\/\/revistazetta.com\/index.php?rest_route=%2Fwp%2Fv2%2Fmedia&parent=16166"}],"wp:term":[{"taxonomy":"category","embeddable":true,"href":"https:\/\/revistazetta.com\/index.php?rest_route=%2Fwp%2Fv2%2Fcategories&post=16166"},{"taxonomy":"post_tag","embeddable":true,"href":"https:\/\/revistazetta.com\/index.php?rest_route=%2Fwp%2Fv2%2Ftags&post=16166"}],"curies":[{"name":"wp","href":"https:\/\/api.w.org\/{rel}","templated":true}]}}