{"id":16168,"date":"2016-09-20T12:06:22","date_gmt":"2016-09-20T17:06:22","guid":{"rendered":"http:\/\/www.revistazetta.com\/?p=16168"},"modified":"2016-09-20T12:06:22","modified_gmt":"2016-09-20T17:06:22","slug":"cartagena-se-capturado-13-venezolanos-distintos-hechos-delictivos","status":"publish","type":"post","link":"https:\/\/revistazetta.com\/?p=16168","title":{"rendered":"En Cartagena se han capturado a 13 venezolanos por distintos hechos delictivos"},"content":{"rendered":"<p>Durante el Consejo de Seguridad que semanalmente realiza la administraci\u00f3n se dio a conocer que las autoridades han capturado, en lo corrido del a\u00f1o a 13 personas de nacionalidad venezolana sindicadas de cometer acciones delictivas en Cartagena.<\/p>\n<p>\u201cLa autoridad penal dijo que existe una tendencia de capturar a personas venezolanas implicadas en la comisi\u00f3n de delitos en Cartagena. Se habla de 13 y los \u00faltimos tres, que ya fueron judicializados, tambi\u00e9n son ciudadanos del vecino pa\u00eds\u201d, se\u00f1al\u00f3 el Alcalde.<\/p>\n<p>Seg\u00fan la informaci\u00f3n recibida, ya es marcada la llegada de venezolanos en Cartagena. \u201cNo podemos permitir que lleguen a delinquir. Cero tolerancia con estas personas que vienen a desestabilizar la seguridad en Cartagena\u201d, explic\u00f3 Duque.<\/p>\n<p>El mandatario se\u00f1al\u00f3 que entiende que a la ciudad llegan muchos venezolanos de bien que han venido a invertir, que salieron de su pa\u00eds debido a la situaci\u00f3n que se vive all\u00e1, pero no podemos permitir que algunos lleguen a delinquir, con el agravante de que primero disparan  y despu\u00e9s atracan. Ya pas\u00f3 en Valledupar y ahora quieren llegar a Cartagena a fomentar las acciones delictivas, por lo que tenemos que cerrar el cerco todos los cartageneros para que esta situaci\u00f3n no siga continuando\u201d, sostuvo.<\/p>\n<p>El alcalde Manolo Duque, al conocer esta situaci\u00f3n, le exigi\u00f3 a la autoridad migratoria (Migraci\u00f3n Colombia), acciones contundentes para sacar de Cartagena a los venezolanos que est\u00e1n cometiendo actos delictivos.<\/p>\n<p>La articulaci\u00f3n es conjunta con la Polic\u00eda y la Alcald\u00eda, que estar\u00e1 atenta a poner toda la log\u00edstica necesaria para adelantar las acciones que se requieran para llevarlos hasta la zona lim\u00edtrofe con Venezuela para que regresen a su pa\u00eds.<br \/>\n\u201cSe debe actuar de manera contundente. Si los venezolanos se vienen por las trochas, seguramente no tienen su documentaci\u00f3n legal y no podemos permitir que lleguen a Cartagena\u201d, dijo el Alcalde, quien pidi\u00f3 a la ciudadan\u00eda denunciar a aquellos extranjeros que est\u00e9n cometiendo acciones delictivas en la ciudad.<br \/>\n<strong><br \/>\n Ya est\u00e1n tras las rejas<\/strong><\/p>\n<p>Jos\u00e9 Luis Sep\u00falveda Vargas, juez coordinador del Sistema Penal Acusatorio en Cartagena, confirm\u00f3 la captura de 13 venezolanos sindicados de la comisi\u00f3n de delitos en la ciudad. \u201cEfectivamente los jueces de Control de Garant\u00edas de Cartagena han cobijado con medida intramural a 13 personas de nacionalidad venezolana, que se encuentran por los punibles de hurto calificado agravado, homicidio y porte de armas\u201d.<\/p>\n<p>Sostuvo que actualmente tienen una media intramural y en la actualidad est\u00e1n como imputados y pr\u00f3ximos a ser acusados por la Fiscal\u00eda y esperando que avancen sus procesos de juicio debido a que ni ninguno se allan\u00f3 a los cargos.<\/p>\n","protected":false},"excerpt":{"rendered":"<p>Durante el Consejo de Seguridad que semanalmente realiza la administraci\u00f3n se dio a conocer que las autoridades han capturado, en lo corrido del a\u00f1o a 13 personas de nacionalidad venezolana sindicadas de cometer acciones delictivas en Cartagena. \u201cLa autoridad penal dijo que existe una tendencia de capturar a personas venezolanas implicadas en la comisi\u00f3n de delitos en Cartagena. Se habla de 13 y los \u00faltimos tres, que ya fueron judicializados, tambi\u00e9n son ciudadanos del vecino pa\u00eds\u201d, se\u00f1al\u00f3 el Alcalde. Seg\u00fan la informaci\u00f3n recibida, ya es marcada la llegada de venezolanos&#8230; <\/p>\n","protected":false},"author":3,"featured_media":0,"comment_status":"open","ping_status":"closed","sticky":false,"template":"","format":"standard","meta":{"footnotes":"","_links_to":"","_links_to_target":""},"categories":[88,32],"tags":[],"class_list":["post-16168","post","type-post","status-publish","format-standard","hentry","category-seguridad","category-actualidad-distrito"],"_links":{"self":[{"href":"https:\/\/revistazetta.com\/index.php?rest_route=\/wp\/v2\/posts\/16168","targetHints":{"allow":["GET"]}}],"collection":[{"href":"https:\/\/revistazetta.com\/index.php?rest_route=\/wp\/v2\/posts"}],"about":[{"href":"https:\/\/revistazetta.com\/index.php?rest_route=\/wp\/v2\/types\/post"}],"author":[{"embeddable":true,"href":"https:\/\/revistazetta.com\/index.php?rest_route=\/wp\/v2\/users\/3"}],"replies":[{"embeddable":true,"href":"https:\/\/revistazetta.com\/index.php?rest_route=%2Fwp%2Fv2%2Fcomments&post=16168"}],"version-history":[{"count":0,"href":"https:\/\/revistazetta.com\/index.php?rest_route=\/wp\/v2\/posts\/16168\/revisions"}],"wp:attachment":[{"href":"https:\/\/revistazetta.com\/index.php?rest_route=%2Fwp%2Fv2%2Fmedia&parent=16168"}],"wp:term":[{"taxonomy":"category","embeddable":true,"href":"https:\/\/revistazetta.com\/index.php?rest_route=%2Fwp%2Fv2%2Fcategories&post=16168"},{"taxonomy":"post_tag","embeddable":true,"href":"https:\/\/revistazetta.com\/index.php?rest_route=%2Fwp%2Fv2%2Ftags&post=16168"}],"curies":[{"name":"wp","href":"https:\/\/api.w.org\/{rel}","templated":true}]}}