{"id":16200,"date":"2016-09-20T18:54:21","date_gmt":"2016-09-20T23:54:21","guid":{"rendered":"http:\/\/www.revistazetta.com\/?p=16200"},"modified":"2016-09-20T18:54:21","modified_gmt":"2016-09-20T23:54:21","slug":"llegan-300-policias-reforzar-seguridad-cartagena","status":"publish","type":"post","link":"https:\/\/revistazetta.com\/?p=16200","title":{"rendered":"Llegan 300 polic\u00edas para reforzar seguridad en Cartagena"},"content":{"rendered":"<p>A Cartagena llegaron los nuevos 300 uniformados de la Polic\u00eda que entran a reforzar la seguridad para los distintos eventos internacionales que se realizar\u00e1n en la ciudad en los pr\u00f3ximos d\u00edas.<\/p>\n<p>La ceremonia protocolaria se llev\u00f3 a cabo en la Plaza de La Aduana en donde el mandatario se\u00f1al\u00f3 que los polic\u00edas llegan para brindar seguridad durante la firma del proceso de paz, este 26 de septiembre, y para la Cumbre Iberoamericana. \u201cLos uniformados tambi\u00e9n apoyar\u00e1n la seguridad de Cartagena. Teniendo en cuenta la importancia que tiene la ciudad, el Gobierno Nacional destin\u00f3 este importante n\u00famero de agentes\u201d, sostuvo el Alcalde.<br \/>\n<img loading=\"lazy\" decoding=\"async\" src=\"https:\/\/www.revistazetta.com\/wp-content\/uploads\/2016\/09\/UPC-300x187.jpg\" alt=\"upc\" width=\"300\" height=\"187\" class=\"alignleft size-medium wp-image-16201\" srcset=\"https:\/\/revistazetta.com\/wp-content\/uploads\/2016\/09\/UPC-300x187.jpg 300w, https:\/\/revistazetta.com\/wp-content\/uploads\/2016\/09\/UPC-234x146.jpg 234w, https:\/\/revistazetta.com\/wp-content\/uploads\/2016\/09\/UPC-50x31.jpg 50w, https:\/\/revistazetta.com\/wp-content\/uploads\/2016\/09\/UPC-120x75.jpg 120w, https:\/\/revistazetta.com\/wp-content\/uploads\/2016\/09\/UPC.jpg 570w\" sizes=\"auto, (max-width: 300px) 100vw, 300px\" \/><\/p>\n<p><img loading=\"lazy\" decoding=\"async\" src=\"https:\/\/www.revistazetta.com\/wp-content\/uploads\/2016\/09\/UPC3-300x187.jpg\" alt=\"upc3\" width=\"300\" height=\"187\" class=\"alignleft size-medium wp-image-16203\" srcset=\"https:\/\/revistazetta.com\/wp-content\/uploads\/2016\/09\/UPC3-300x187.jpg 300w, https:\/\/revistazetta.com\/wp-content\/uploads\/2016\/09\/UPC3-234x146.jpg 234w, https:\/\/revistazetta.com\/wp-content\/uploads\/2016\/09\/UPC3-50x31.jpg 50w, https:\/\/revistazetta.com\/wp-content\/uploads\/2016\/09\/UPC3-120x75.jpg 120w, https:\/\/revistazetta.com\/wp-content\/uploads\/2016\/09\/UPC3.jpg 570w\" sizes=\"auto, (max-width: 300px) 100vw, 300px\" \/><\/p>\n<p>En una charla corta con los uniformados, Duque les dijo que \u201cCartagena es la ciudad de Colombia que todos quieren y el Gobierno Nacional da muestra de su compromiso con nosotros al enviarlos a trabajar por el bienestar de los cartageneros\u201d.<\/p>\n<p>Sostuvo que este personal reforzar\u00e1 todos los operativos que se han prometido para la ciudad con el fin de mejorar la percepci\u00f3n ciudadana en  cuanto a seguridad. \u201cLos polic\u00edas estar\u00e1n en todos los barrios de la Heroica, estar\u00e1n en las calles\u201d, sostuvo el mandatario.<\/p>\n<p>Agreg\u00f3 que para la firma de la paz y la Cumbre Iberoamericana se sumar\u00e1n otros mil hombres m\u00e1s que prestar\u00e1n vigilancia para hacer m\u00e1s segura a la ciudad.<\/p>\n<p>El alcalde manifest\u00f3 que tan pronto culminen los eventos que se realizar\u00e1n en Cartagena, un grupo de estos polic\u00edas se quedar\u00e1 en la ciudad para atender la temporada tur\u00edstica, as\u00ed como las celebraciones de final y comienzo de a\u00f1o.<\/p>\n","protected":false},"excerpt":{"rendered":"<p>A Cartagena llegaron los nuevos 300 uniformados de la Polic\u00eda que entran a reforzar la seguridad para los distintos eventos internacionales que se realizar\u00e1n en la ciudad en los pr\u00f3ximos d\u00edas. La ceremonia protocolaria se llev\u00f3 a cabo en la Plaza de La Aduana en donde el mandatario se\u00f1al\u00f3 que los polic\u00edas llegan para brindar seguridad durante la firma del proceso de paz, este 26 de septiembre, y para la Cumbre Iberoamericana. \u201cLos uniformados tambi\u00e9n apoyar\u00e1n la seguridad de Cartagena. Teniendo en cuenta la importancia que tiene la ciudad, el&#8230; <\/p>\n","protected":false},"author":3,"featured_media":16202,"comment_status":"open","ping_status":"closed","sticky":false,"template":"","format":"standard","meta":{"footnotes":"","_links_to":"","_links_to_target":""},"categories":[32,88],"tags":[],"class_list":["post-16200","post","type-post","status-publish","format-standard","has-post-thumbnail","hentry","category-actualidad-distrito","category-seguridad"],"_links":{"self":[{"href":"https:\/\/revistazetta.com\/index.php?rest_route=\/wp\/v2\/posts\/16200","targetHints":{"allow":["GET"]}}],"collection":[{"href":"https:\/\/revistazetta.com\/index.php?rest_route=\/wp\/v2\/posts"}],"about":[{"href":"https:\/\/revistazetta.com\/index.php?rest_route=\/wp\/v2\/types\/post"}],"author":[{"embeddable":true,"href":"https:\/\/revistazetta.com\/index.php?rest_route=\/wp\/v2\/users\/3"}],"replies":[{"embeddable":true,"href":"https:\/\/revistazetta.com\/index.php?rest_route=%2Fwp%2Fv2%2Fcomments&post=16200"}],"version-history":[{"count":0,"href":"https:\/\/revistazetta.com\/index.php?rest_route=\/wp\/v2\/posts\/16200\/revisions"}],"wp:featuredmedia":[{"embeddable":true,"href":"https:\/\/revistazetta.com\/index.php?rest_route=\/wp\/v2\/media\/16202"}],"wp:attachment":[{"href":"https:\/\/revistazetta.com\/index.php?rest_route=%2Fwp%2Fv2%2Fmedia&parent=16200"}],"wp:term":[{"taxonomy":"category","embeddable":true,"href":"https:\/\/revistazetta.com\/index.php?rest_route=%2Fwp%2Fv2%2Fcategories&post=16200"},{"taxonomy":"post_tag","embeddable":true,"href":"https:\/\/revistazetta.com\/index.php?rest_route=%2Fwp%2Fv2%2Ftags&post=16200"}],"curies":[{"name":"wp","href":"https:\/\/api.w.org\/{rel}","templated":true}]}}